{"id":20791,"date":"2017-05-06T19:36:50","date_gmt":"2017-05-06T18:36:50","guid":{"rendered":"http:\/\/fegrama.cat\/web\/?p=20791"},"modified":"2017-05-07T14:17:53","modified_gmt":"2017-05-07T13:17:53","slug":"el-prebenjami-d-campio-de-lliga-resums-dels-equips-prebenjamins","status":"publish","type":"post","link":"http:\/\/fegrama.cat\/web\/el-prebenjami-d-campio-de-lliga-resums-dels-equips-prebenjamins\/","title":{"rendered":"El Prebenjam\u00ed D campi\u00f3 de lliga!! (Resums dels equips Prebenjamins)"},"content":{"rendered":"<div>\n<div><a href=\"http:\/\/fegrama.cat\/web\/wp-content\/uploads\/2017\/05\/campionsprebenjamiD.jpg\"><img loading=\"lazy\" decoding=\"async\" class=\"aligncenter size-full wp-image-20792\" alt=\"campionsprebenjamiD\" src=\"http:\/\/fegrama.cat\/web\/wp-content\/uploads\/2017\/05\/campionsprebenjamiD.jpg\" width=\"700\" height=\"348\" srcset=\"http:\/\/fegrama.cat\/web\/wp-content\/uploads\/2017\/05\/campionsprebenjamiD.jpg 700w, http:\/\/fegrama.cat\/web\/wp-content\/uploads\/2017\/05\/campionsprebenjamiD-300x149.jpg 300w\" sizes=\"auto, (max-width: 700px) 100vw, 700px\" \/><\/a><strong><\/strong><\/div>\n<div><\/div>\n<div><strong>PREBENJAM\u00cd D 12-1 FC Martinenc F<br \/>\n<\/strong>L&#8217;equip de Jonathan Fortea i Jos\u00e9 Fortea va aconseguir a falta de tres jornades per al final proclamar-se campi\u00f3 de lliga. Gran partit dels colomencs que van ser molt superiors al seu rival, jugant molt b\u00e9 al futbol, fent bones jugades i sent, un cop m\u00e9s, terror\u00edfics en atac. Al descans el xoc estava sentenciat amb un 7-0 i en la segona meitat no es van relaxar. La Grama va realitzar un bon joc col\u00b7lectiu i realitzant gols de bella factura.<\/div>\n<div><\/div>\n<div>El equipo de Jonathan Fortea y Jos\u00e9 Fortea consigui\u00f3 a falta de tres jornadas para el final proclamarse campe\u00f3n de liga. Gran partido de los colomenses que fueron muy superiores a su rival, jugando muy bien al f\u00fatbol, haciendo buenas jugadas y siendo, una vez m\u00e1s, terror\u00edficos en ataque. Al descanso el choque estaba sentenciado con un 7-0 y en la segunda mitad no se relajaron. La Grama realiz\u00f3 un buen juego colectivo y realizando goles de bella factura.<\/div>\n<div><\/div>\n<div><a href=\"http:\/\/fegrama.cat\/web\/wp-content\/uploads\/2016\/11\/PA.jpg\"><img loading=\"lazy\" decoding=\"async\" class=\"aligncenter\" alt=\"PA\" src=\"http:\/\/fegrama.cat\/web\/wp-content\/uploads\/2016\/11\/PA.jpg\" width=\"560\" height=\"501\" \/><\/a><strong><\/strong><strong>Vila Ol\u00edmpica CE 6-3 PREBENJAM\u00cd A<\/strong><\/p>\n<p>Malgrat el resultat la Grama va barallar fins al final davant el segon classificat. Els colomencs es van avan\u00e7ar en el marcador i nom\u00e9s comen\u00e7ar el segon quart el pal va impedir el segon. La Vila va marcar tres gols en quatre minuts i aix\u00f2 acabaria sent una llosa per a la resta del partit. La Fundaci\u00f3 ho va seguir intentant per\u00f2 no va poder enganxar-se al partit.<\/p>\n<p>Pese al resultado la Grama pele\u00f3 hasta el final ante el segundo clasificado. Los colomenses se adelantaron en el marcador y nada m\u00e1s empezar el segundo cuarto el poste impidi\u00f3 el segundo. La Vila marc\u00f3 tres goles en cuatro minutos y eso acabar\u00eda siendo una losa para el resto del partido. La Fundaci\u00f3 lo sigui\u00f3 intentando pero no pudo engancharse al choque.<\/p>\n<p><a href=\"http:\/\/fegrama.cat\/web\/wp-content\/uploads\/2016\/11\/PD.jpg\"><img loading=\"lazy\" decoding=\"async\" class=\"aligncenter\" alt=\"PD\" src=\"http:\/\/fegrama.cat\/web\/wp-content\/uploads\/2016\/11\/PD.jpg\" width=\"560\" height=\"463\" \/><\/a><strong><\/strong><\/p>\n<p><strong>CD Sant Gabriel C 5-1 PREBENJAM\u00cd C<\/strong><\/p>\n<p>Derrota dura contra el l\u00edder de la lliga. Els colomencs van comen\u00e7ar molt b\u00e9 per\u00f2 dos golassos del capit\u00e0 local van deixar tocats als nois. La Grama va aguantar la primera meitat per\u00f2 en la segona el Sangra va anar a m\u00e9s i els colomencs no van poder aguantar el ritme. Eric Velez va fer el gol de l&#8217;honor.<\/p>\n<p>Derrota dura contra el l\u00edder de la liga. Los colomenses empezaron muy bien pero dos golazos del capit\u00e1n local dejaron tocados a los chicos. La Grama aguant\u00f3 la primera mitad pero en la segunda el Sangra fue a m\u00e1s y los colomenses no pudieron aguantar el ritmo. Eric Velez hizo el gol del honor.<\/p>\n<p><a href=\"http:\/\/fegrama.cat\/web\/wp-content\/uploads\/2016\/10\/prebE.jpg\"><img loading=\"lazy\" decoding=\"async\" class=\"aligncenter\" alt=\"prebE\" src=\"http:\/\/fegrama.cat\/web\/wp-content\/uploads\/2016\/10\/prebE.jpg\" width=\"643\" height=\"384\" \/><\/a><strong><\/strong><\/p>\n<p><strong>CD Arrabal-Calaf de Gramenet 1-1 PREBENJAM\u00cd E<\/strong><\/p>\n<p>El partit d&#8217;anada de semifinals de Copa Cadeca va acabar amb empat i la Grama va mer\u00e8ixer millor sort. Primers dos quarts igualats, els locals es van avan\u00e7ar al marcador aprofitant una fallada defensiva. A la segona meitat els blaus van ser superiors, Gael va marcar despr\u00e9s d&#8217;una bona centrada d&#8217;Adri\u00e1n. La Fundaci\u00f3 va tenir moltes ocasions de gol per\u00f2 sense sort de cara a porta.<\/p>\n<p>El partido de ida de semifinales de Copa Cadeca termin\u00f3 con empate y la Grama mereci\u00f3 mejor suerte. Primeros dos cuartos igualados, los locales se adelantaron en el marcador aprovechando un fallo defensivo. En la segunda mitad los azules fueron superiores, Gael marc\u00f3 tras un buen centro de Adri\u00e1n. La Fundaci\u00f3 tuvo muchas ocasiones de gol pero sin suerte de cara a puerta.<\/p>\n<\/div>\n<\/div>\n","protected":false},"excerpt":{"rendered":"<p>PREBENJAM\u00cd D 12-1 FC Martinenc F L&#8217;equip de Jonathan Fortea i Jos\u00e9 Fortea va aconseguir a falta de tres jornades per al final proclamar-se campi\u00f3 de lliga. Gran partit dels colomencs que van ser molt superiors al seu rival, jugant molt b\u00e9 al futbol, fent bones jugades i sent, un cop m\u00e9s, terror\u00edfics en atac. [&hellip;]<\/p>\n","protected":false},"author":1,"featured_media":20792,"comment_status":"closed","ping_status":"closed","sticky":false,"template":"","format":"standard","meta":{"footnotes":""},"categories":[4,12],"tags":[24,802],"class_list":["post-20791","post","type-post","status-publish","format-standard","has-post-thumbnail","hentry","category-base-inclusiu","category-prebenjamins","tag-fundacio-esportiva-grama","tag-municipal-les-oliveres"],"_links":{"self":[{"href":"http:\/\/fegrama.cat\/web\/wp-json\/wp\/v2\/posts\/20791","targetHints":{"allow":["GET"]}}],"collection":[{"href":"http:\/\/fegrama.cat\/web\/wp-json\/wp\/v2\/posts"}],"about":[{"href":"http:\/\/fegrama.cat\/web\/wp-json\/wp\/v2\/types\/post"}],"author":[{"embeddable":true,"href":"http:\/\/fegrama.cat\/web\/wp-json\/wp\/v2\/users\/1"}],"replies":[{"embeddable":true,"href":"http:\/\/fegrama.cat\/web\/wp-json\/wp\/v2\/comments?post=20791"}],"version-history":[{"count":5,"href":"http:\/\/fegrama.cat\/web\/wp-json\/wp\/v2\/posts\/20791\/revisions"}],"predecessor-version":[{"id":20830,"href":"http:\/\/fegrama.cat\/web\/wp-json\/wp\/v2\/posts\/20791\/revisions\/20830"}],"wp:featuredmedia":[{"embeddable":true,"href":"http:\/\/fegrama.cat\/web\/wp-json\/wp\/v2\/media\/20792"}],"wp:attachment":[{"href":"http:\/\/fegrama.cat\/web\/wp-json\/wp\/v2\/media?parent=20791"}],"wp:term":[{"taxonomy":"category","embeddable":true,"href":"http:\/\/fegrama.cat\/web\/wp-json\/wp\/v2\/categories?post=20791"},{"taxonomy":"post_tag","embeddable":true,"href":"http:\/\/fegrama.cat\/web\/wp-json\/wp\/v2\/tags?post=20791"}],"curies":[{"name":"wp","href":"https:\/\/api.w.org\/{rel}","templated":true}]}}