{"id":20747,"date":"2017-05-04T19:40:11","date_gmt":"2017-05-04T18:40:11","guid":{"rendered":"http:\/\/fegrama.cat\/web\/?p=20747"},"modified":"2017-05-04T19:40:11","modified_gmt":"2017-05-04T18:40:11","slug":"queden-quatre-finals-la-primera-aquest-diumenge","status":"publish","type":"post","link":"http:\/\/fegrama.cat\/web\/queden-quatre-finals-la-primera-aquest-diumenge\/","title":{"rendered":"Queden quatre finals, la primera aquest diumenge"},"content":{"rendered":"<p>Aquest <strong>diumenge 7 de maig<\/strong> arribar\u00e0 la primera de les quatre finals que tenen per davant els components del <strong>Primer Equip<\/strong>. Els homes de<strong> Dani Andreu<\/strong> no tindran un partit f\u00e0cil, sens dubte el d&#8217;aquest cap de setmana ser\u00e0 un partit molt complicat igual que el de aqu\u00ed a dues setmanes davant la Llefi\u00e0.<\/p>\n<p><strong>Diumenge a les 20 hores al Municipal Trinitat Vella<\/strong> s&#8217;enfrontaran a un equip que lluita per acabar entre els cinc millors equips del grup. El <strong>Besos Bar\u00f3n de Viver CF<\/strong> es va veure sorpr\u00e8s la jornada passada quan van caure 5-1 davant el Badia per\u00f2 fins a aquest moment portaven sis partits consecutius sense perdre, guanyant fins al complicat camp de la Unificaci\u00f3 Llefi\u00e0.<\/p>\n<p>Nom\u00e9s tres equips han estat capa\u00e7os de guanyar a la Trinitat, el Bar\u00f3n com a local ha aconseguit sumar sis vict\u00f2ries i sis empats. Cap dels nostres dos perseguidors <em><strong>(Matar\u00f3 i Guineueta)<\/strong><\/em> han aconseguit guanyar, tots dos van sumar un punt de la seva visita. Sobre la gespa s&#8217;enfrontaran dos equips golejadors: la Grama amb 69 \u00e9s el segon equip m\u00e9s golejador i el Bes\u00f2s amb 57 el cinqu\u00e8.<\/p>\n<p>A la primera volta vam viure un aut\u00e8ntic partid\u00e0s al<strong> Municipal de la Grama<\/strong>, qualsevol dels dos equips va poder haver-se endut els tres punts per\u00f2 el marcador es va quedar en empats sense gols. Aquesta vegada un 0-0 no servir\u00e0 i ho saben els jugadors de la <strong>Fundaci\u00f3 Esportiva Grama<\/strong> que necessiten sumar tres punts per seguir l\u00edders una jornada m\u00e9s.<\/p>\n<blockquote><p><strong>Daniel Andreu (entrenador FE Grama):<\/strong><\/p>\n<p>\u00abPreveiem que sigui un partit molt igualat on ens trobarem un rival motivat per jugar contra el l\u00edder. Arribem en un bon moment, hem aconseguit per fi trencar la sensaci\u00f3 que ten\u00edem a casa que ens costava trencar els partits. Hem de demostrar la nostra v\u00e0lua si volem ser campions. Hem preparat el partit com cada setmana, buscant tenir les m\u00e0ximes avantatges possibles per facilitar la tasca dels jugadors.\u00bb<\/p><\/blockquote>\n<blockquote><p><strong>Jonathan S\u00e1nchez (entrenador Besos Bar\u00f3n de Viver):<\/strong><\/p>\n<p>\u00abEsperem que sigui un partit competit en el qual puguem mostrar les nostres virtuts i l\u00ednia de treball, veure un equip ordenat, tens i disciplinat. Volem reduir les virtuts del rival per aprofitar les nostres. El nostre equip arriba en bona din\u00e0mica, treballant molt b\u00e9, cert \u00e9s que la derrota de la jornada passada ha minvat una mica per\u00f2 tenim davant un partit molt important davant d&#8217;un bon rival i aix\u00f2 fa que ens motivi. Volem gaudir del partit, treure el millor rendiment dels nostres jugadors. Plantegem el xoc com cada setmana, lluitarem amb totes les armes que tinguem per aconseguir els tres punts.\u00bb<\/p><\/blockquote>\n<p><a href=\"http:\/\/fegrama.cat\/web\/wp-content\/uploads\/2017\/04\/11fegcarmelo.jpg\"><img loading=\"lazy\" decoding=\"async\" class=\"aligncenter size-full wp-image-20700\" alt=\"11fegcarmelo\" src=\"http:\/\/fegrama.cat\/web\/wp-content\/uploads\/2017\/04\/11fegcarmelo.jpg\" width=\"800\" height=\"450\" srcset=\"http:\/\/fegrama.cat\/web\/wp-content\/uploads\/2017\/04\/11fegcarmelo.jpg 800w, http:\/\/fegrama.cat\/web\/wp-content\/uploads\/2017\/04\/11fegcarmelo-300x168.jpg 300w\" sizes=\"auto, (max-width: 800px) 100vw, 800px\" \/><\/a><\/p>\n<p>Este<strong> domingo 7 de mayo<\/strong> llegar\u00e1 la primera de las cuatro finales que tienen por delante los componentes del <strong>Primer Equipo<\/strong>. Los hombres de <strong>Dani Andreu<\/strong> no tendr\u00e1n un partido f\u00e1cil, sin duda el de este fin de semana ser\u00e1 un partido muy complicado al igual que el de dentro de dos semanas ante la Llefi\u00e0.<\/p>\n<p><strong>El<\/strong> <strong>domingo a las 20 horas en el Municipal Trinitat Vella<\/strong> se enfrentar\u00e1n a un equipo que lucha por acabar entre los cinco mejores equipos del grupo. El <strong>Besos Bar\u00f3n de Viver CF<\/strong> se vio sorprendido la jornada pasada cuando cayeron 5-1 ante el Badia pero hasta ese momento llevaban seis partidos consecutivos sin perder, ganando hasta en el complicado campo de la Unificaci\u00f3n Llefi\u00e0.<\/p>\n<p>Solamente tres equipos han sido capaces de ganar en la Trinidad, el Bar\u00f3n como local ha conseguido sumar seis victorias y seis empates. Ninguno de nuestros dos perseguidores <em><strong>(Matar\u00f3 y Guineueta)<\/strong><\/em> han conseguido ganar, ambos sumaron un punto de su visita. Sobre el c\u00e9sped se enfrentar\u00e1n dos equipos goleadores: la Grama con 69 es el segundo equipo m\u00e1s goleador y el Besos con 57 el quinto.<\/p>\n<p>En la primera vuelta vivimos un aut\u00e9ntico partidazo en el <strong>Municipal de la Grama<\/strong>, cualquiera de los dos equipos pudo haberse llevado los tres puntos pero el marcador se qued\u00f3 en empates sin goles. Esta vez un 0-0 no servir\u00e1 y lo saben los jugadores de la Fundaci\u00f3 Esportiva Grama que necesitan sumar tres puntos para seguir l\u00edderes una jornada m\u00e1s.<\/p>\n<blockquote><p><strong>Daniel Andreu (entrenador FE Grama):<\/strong><\/p>\n<p>\u00abPrevemos que sea un partido muy igualado donde nos encontraremos un rival motivado por jugar ante el l\u00edder. Llegamos en un buen momento, hemos conseguido por fin romper la sensaci\u00f3n que ten\u00edamos en casa de que nos costaba romper los partidos. Tenemos que demostrar nuestra val\u00eda si queremos ser campeones. Hemos preparado el partido como cada semana, buscando tener las m\u00e1ximas ventajas posibles para facilitar la labor de los jugadores.\u00bb<\/p>\n<p><strong>Jonathan S\u00e1nchez (entrenador Besos Bar\u00f3n de Viver):<\/strong><\/p>\n<p>\u00abEsperamos que sea un partido competido en el que podamos mostrar nuestras virtudes y l\u00ednea de trabajo, ver un equipo ordenado, tenso y disciplinado. Queremos reducir las virtudes del rival para aprovechar las nuestras. Nuestro equipo llega en buena din\u00e1mica, trabajando muy bien, cierto es que la derrota de la jornada pasada ha mermado un poquito pero tenemos delante un partido muy importante ante un buen rival y eso hace que nos motive. Queremos disfrutar del partido, sacar el mejor rendimiento de nuestros jugadores. Planteamos el choque como cada semana, lucharemos con todas las armas que tengamos para conseguir los tres puntos.\u00bb<\/p><\/blockquote>\n","protected":false},"excerpt":{"rendered":"<p>Aquest diumenge 7 de maig arribar\u00e0 la primera de les quatre finals que tenen per davant els components del Primer Equip. Els homes de Dani Andreu no tindran un partit f\u00e0cil, sens dubte el d&#8217;aquest cap de setmana ser\u00e0 un partit molt complicat igual que el de aqu\u00ed a dues setmanes davant la Llefi\u00e0. Diumenge [&hellip;]<\/p>\n","protected":false},"author":1,"featured_media":20700,"comment_status":"closed","ping_status":"closed","sticky":false,"template":"","format":"standard","meta":{"footnotes":""},"categories":[4,5],"tags":[1146,24,507,1107],"class_list":["post-20747","post","type-post","status-publish","format-standard","has-post-thumbnail","hentry","category-base-inclusiu","category-primer-equip","tag-besos-baron-de-viver","tag-fundacio-esportiva-grama","tag-municipal-trinitat-vella","tag-segunda-catalana"],"_links":{"self":[{"href":"http:\/\/fegrama.cat\/web\/wp-json\/wp\/v2\/posts\/20747","targetHints":{"allow":["GET"]}}],"collection":[{"href":"http:\/\/fegrama.cat\/web\/wp-json\/wp\/v2\/posts"}],"about":[{"href":"http:\/\/fegrama.cat\/web\/wp-json\/wp\/v2\/types\/post"}],"author":[{"embeddable":true,"href":"http:\/\/fegrama.cat\/web\/wp-json\/wp\/v2\/users\/1"}],"replies":[{"embeddable":true,"href":"http:\/\/fegrama.cat\/web\/wp-json\/wp\/v2\/comments?post=20747"}],"version-history":[{"count":3,"href":"http:\/\/fegrama.cat\/web\/wp-json\/wp\/v2\/posts\/20747\/revisions"}],"predecessor-version":[{"id":20788,"href":"http:\/\/fegrama.cat\/web\/wp-json\/wp\/v2\/posts\/20747\/revisions\/20788"}],"wp:featuredmedia":[{"embeddable":true,"href":"http:\/\/fegrama.cat\/web\/wp-json\/wp\/v2\/media\/20700"}],"wp:attachment":[{"href":"http:\/\/fegrama.cat\/web\/wp-json\/wp\/v2\/media?parent=20747"}],"wp:term":[{"taxonomy":"category","embeddable":true,"href":"http:\/\/fegrama.cat\/web\/wp-json\/wp\/v2\/categories?post=20747"},{"taxonomy":"post_tag","embeddable":true,"href":"http:\/\/fegrama.cat\/web\/wp-json\/wp\/v2\/tags?post=20747"}],"curies":[{"name":"wp","href":"https:\/\/api.w.org\/{rel}","templated":true}]}}