{"id":20737,"date":"2017-04-30T18:04:29","date_gmt":"2017-04-30T17:04:29","guid":{"rendered":"http:\/\/fegrama.cat\/web\/?p=20737"},"modified":"2017-05-01T09:04:47","modified_gmt":"2017-05-01T08:04:47","slug":"bon-punt-de-lalevi-b","status":"publish","type":"post","link":"http:\/\/fegrama.cat\/web\/bon-punt-de-lalevi-b\/","title":{"rendered":"Bon punt de l&#8217;Alev\u00ed B"},"content":{"rendered":"<p>L&#8217;Alev\u00ed B va aconseguir sumar un gran punt davant el CE Europa.<\/p>\n<p>Els colomencs amb il\u00b7lusi\u00f3 i moltes ganes de guanyar van saltar forts al Municipal de la Grama. No es van deixar intimidar davant un gran rival, el quart de la lliga, ja que sabien que fent les coses b\u00e9 podien treure alguna cosa positiva. Alfredo va avan\u00e7ar a la Grama, l&#8217;Europa va remuntar i Marc va aconseguir el definitiu 2-2.<\/p>\n<p>Empat molt treballat en el qual els tres punts podrien haver anat tant per una banda com per l&#8217;altre. Un punt que els d\u00f3na forces als nois per seguir lluitant una setmana m\u00e9s.<\/p>\n<p style=\"text-align: center;\"><a href=\"http:\/\/fegrama.cat\/web\/wp-content\/uploads\/2016\/11\/AB.jpg\"><img loading=\"lazy\" decoding=\"async\" alt=\"AB\" src=\"http:\/\/fegrama.cat\/web\/wp-content\/uploads\/2016\/11\/AB.jpg\" width=\"560\" height=\"500\" \/><\/a><strong><\/strong><\/p>\n<p>El Alev\u00edn B consigui\u00f3 sumar un gran punto ante el CE Europa.<\/p>\n<p>Los colomenses con ilusi\u00f3n y muchas ganas de ganar saltaron fuertes al Municipal de la Grama. No se dejaron intimidar ante un gran rival, el cuarto de la liga, ya que sab\u00edan que haciendo las cosas bien pod\u00edan sacar algo positivo. Alfredo adelant\u00f3 a la Grama, el Europa remont\u00f3 y Marc consigui\u00f3 el definitivo 2-2.<\/p>\n<p>Empate muy trabajado en el cual los tres puntos podr\u00edan haberse ido tanto para un lado como para el otro. Un punto que les da fuerzas a los chicos para seguir luchando una semana m\u00e1s.<\/p>\n","protected":false},"excerpt":{"rendered":"<p>L&#8217;Alev\u00ed B va aconseguir sumar un gran punt davant el CE Europa. Els colomencs amb il\u00b7lusi\u00f3 i moltes ganes de guanyar van saltar forts al Municipal de la Grama. No es van deixar intimidar davant un gran rival, el quart de la lliga, ja que sabien que fent les coses b\u00e9 podien treure alguna cosa [&hellip;]<\/p>\n","protected":false},"author":1,"featured_media":0,"comment_status":"closed","ping_status":"closed","sticky":false,"template":"","format":"standard","meta":{"footnotes":""},"categories":[10,4],"tags":[24,55],"class_list":["post-20737","post","type-post","status-publish","format-standard","hentry","category-alevins","category-base-inclusiu","tag-fundacio-esportiva-grama","tag-nou-municipal-de-santa-coloma"],"_links":{"self":[{"href":"http:\/\/fegrama.cat\/web\/wp-json\/wp\/v2\/posts\/20737","targetHints":{"allow":["GET"]}}],"collection":[{"href":"http:\/\/fegrama.cat\/web\/wp-json\/wp\/v2\/posts"}],"about":[{"href":"http:\/\/fegrama.cat\/web\/wp-json\/wp\/v2\/types\/post"}],"author":[{"embeddable":true,"href":"http:\/\/fegrama.cat\/web\/wp-json\/wp\/v2\/users\/1"}],"replies":[{"embeddable":true,"href":"http:\/\/fegrama.cat\/web\/wp-json\/wp\/v2\/comments?post=20737"}],"version-history":[{"count":1,"href":"http:\/\/fegrama.cat\/web\/wp-json\/wp\/v2\/posts\/20737\/revisions"}],"predecessor-version":[{"id":20738,"href":"http:\/\/fegrama.cat\/web\/wp-json\/wp\/v2\/posts\/20737\/revisions\/20738"}],"wp:attachment":[{"href":"http:\/\/fegrama.cat\/web\/wp-json\/wp\/v2\/media?parent=20737"}],"wp:term":[{"taxonomy":"category","embeddable":true,"href":"http:\/\/fegrama.cat\/web\/wp-json\/wp\/v2\/categories?post=20737"},{"taxonomy":"post_tag","embeddable":true,"href":"http:\/\/fegrama.cat\/web\/wp-json\/wp\/v2\/tags?post=20737"}],"curies":[{"name":"wp","href":"https:\/\/api.w.org\/{rel}","templated":true}]}}