{"id":20735,"date":"2017-04-30T16:57:36","date_gmt":"2017-04-30T15:57:36","guid":{"rendered":"http:\/\/fegrama.cat\/web\/?p=20735"},"modified":"2017-05-01T08:58:41","modified_gmt":"2017-05-01T07:58:41","slug":"leficacia-del-rival-derrota-a-lalevi-d","status":"publish","type":"post","link":"http:\/\/fegrama.cat\/web\/leficacia-del-rival-derrota-a-lalevi-d\/","title":{"rendered":"L&#8217;efic\u00e0cia del rival derrota a l&#8217;Alev\u00ed D"},"content":{"rendered":"<p>L&#8217;Alev\u00ed D va caure derrotat per 2-6 davant el Young Talent Badalona Sud B.<\/p>\n<p>El xoc va comen\u00e7ar amb domini absolut de la Fundaci\u00f3 per\u00f2 en la primera arribada a porta els visitants es van avan\u00e7ar. Els colomencs van seguir amb el seu joc i domini i aix\u00ed va ser com en quatre minuts va remuntar amb gols de Fares i Javier. Malgrat tenir sempre el control el Young Talent en les seves \u00faniques arribades van aconseguir donar-li la volta al marcador.<\/p>\n<p>Amb el pas del temps la Grama va comen\u00e7ar a notar les abs\u00e8ncies a la banqueta quan en el primer temps el seu \u00fanic jugador disponible es va lesionar. Tot i el cansament els blaus ho van seguir intentant, assumint riscos en defensa per\u00f2 de nou l&#8217;efic\u00e0cia del rival va ser poderosa.<\/p>\n<p><a href=\"http:\/\/fegrama.cat\/web\/wp-content\/uploads\/2016\/11\/aleD.jpg\"><img loading=\"lazy\" decoding=\"async\" class=\"aligncenter\" alt=\"aleD\" src=\"http:\/\/fegrama.cat\/web\/wp-content\/uploads\/2016\/11\/aleD.jpg\" width=\"594\" height=\"518\" \/><\/a><strong><\/strong><\/p>\n<p>El Alev\u00edn D cay\u00f3 derrotado por 2-6 ante el Young Talent Badalona Sud B.<\/p>\n<p>El choque comenz\u00f3 con dominio absoluto de la Fundaci\u00f3 pero en la primera llegada a puerta los visitantes se adelantaron. Los colomenses siguieron con su juego y dominio y as\u00ed fue como en cuatro minutos remont\u00f3 con goles de Fares y Javier. Pese a tener siempre el control el Young Talent en sus \u00fanicas llegadas consiguieron darle la vuelta al marcador.<\/p>\n<p>Con el paso del tiempo la Grama comenz\u00f3 a notar las ausencias en el banquillo cuando en el primer tiempo su \u00fanico jugador disponible se lesion\u00f3. Pese al cansancio los azules lo siguieron intentando, asumiendo riesgos en defensas pero de nuevo la eficacia del rival fue poderosa.<\/p>\n","protected":false},"excerpt":{"rendered":"<p>L&#8217;Alev\u00ed D va caure derrotat per 2-6 davant el Young Talent Badalona Sud B. El xoc va comen\u00e7ar amb domini absolut de la Fundaci\u00f3 per\u00f2 en la primera arribada a porta els visitants es van avan\u00e7ar. Els colomencs van seguir amb el seu joc i domini i aix\u00ed va ser com en quatre minuts va [&hellip;]<\/p>\n","protected":false},"author":1,"featured_media":0,"comment_status":"closed","ping_status":"closed","sticky":false,"template":"","format":"standard","meta":{"footnotes":""},"categories":[10,4],"tags":[24,55],"class_list":["post-20735","post","type-post","status-publish","format-standard","hentry","category-alevins","category-base-inclusiu","tag-fundacio-esportiva-grama","tag-nou-municipal-de-santa-coloma"],"_links":{"self":[{"href":"http:\/\/fegrama.cat\/web\/wp-json\/wp\/v2\/posts\/20735","targetHints":{"allow":["GET"]}}],"collection":[{"href":"http:\/\/fegrama.cat\/web\/wp-json\/wp\/v2\/posts"}],"about":[{"href":"http:\/\/fegrama.cat\/web\/wp-json\/wp\/v2\/types\/post"}],"author":[{"embeddable":true,"href":"http:\/\/fegrama.cat\/web\/wp-json\/wp\/v2\/users\/1"}],"replies":[{"embeddable":true,"href":"http:\/\/fegrama.cat\/web\/wp-json\/wp\/v2\/comments?post=20735"}],"version-history":[{"count":1,"href":"http:\/\/fegrama.cat\/web\/wp-json\/wp\/v2\/posts\/20735\/revisions"}],"predecessor-version":[{"id":20736,"href":"http:\/\/fegrama.cat\/web\/wp-json\/wp\/v2\/posts\/20735\/revisions\/20736"}],"wp:attachment":[{"href":"http:\/\/fegrama.cat\/web\/wp-json\/wp\/v2\/media?parent=20735"}],"wp:term":[{"taxonomy":"category","embeddable":true,"href":"http:\/\/fegrama.cat\/web\/wp-json\/wp\/v2\/categories?post=20735"},{"taxonomy":"post_tag","embeddable":true,"href":"http:\/\/fegrama.cat\/web\/wp-json\/wp\/v2\/tags?post=20735"}],"curies":[{"name":"wp","href":"https:\/\/api.w.org\/{rel}","templated":true}]}}