{"id":20730,"date":"2017-04-30T17:34:07","date_gmt":"2017-04-30T16:34:07","guid":{"rendered":"http:\/\/fegrama.cat\/web\/?p=20730"},"modified":"2017-05-01T08:58:53","modified_gmt":"2017-05-01T07:58:53","slug":"lalevi-c-no-va-poder-guanyar-al-mercantil","status":"publish","type":"post","link":"http:\/\/fegrama.cat\/web\/lalevi-c-no-va-poder-guanyar-al-mercantil\/","title":{"rendered":"L&#8217;Alev\u00ed C no va poder guanyar al Mercantil"},"content":{"rendered":"<p>L&#8217;Alev\u00ed C va caure derrotat per 2-1 davant el CE Mercantil D, quart classificat, en un partit on la FE Grama va mer\u00e8ixer sortir sense derrota i fins i tot amb vict\u00f2ria del Poliesportiu Arraona-Merinals.<\/p>\n<p>Partit complicat per als colomencs de primer any que s&#8217;enfrontaven a un rival majorit\u00e0riament de segon any amb nens alts i forts. En el primer quart la Grama es va replegar en defensa per esperar algun error local i sortir al contraatac, aix\u00ed van generar moltes ocasions de gol. Mercantil no va aconseguir arribar amb perill, ho van intentar amb xuts llunyans i pilotes aturades.<\/p>\n<p>En el segon quart m\u00e9s del mateix, els colomencs van estar b\u00e9 amb i sense pilota. Desgraciadament abans del descans en una falta propera al c\u00f3rner va arribar l&#8217;1-0. Tercer quart molt bo de la Fundaci\u00f3 que va aconseguir empatar amb gol d&#8217;Alberto M\u00e1rquez. En l&#8217;\u00faltim quart el Mercantil va tornar a posar-se per davant en el marcador, la Grama va canviar de sistema i va tenir fins a tres ocasions clares per empatar per\u00f2 no va poder ser.<\/p>\n<p><img loading=\"lazy\" decoding=\"async\" class=\"aligncenter\" alt=\"IMG-20161015-WA0011\" src=\"http:\/\/fegrama.cat\/web\/wp-content\/uploads\/2016\/10\/IMG-20161015-WA0011.jpg\" width=\"717\" height=\"403\" \/><\/p>\n<p>El Alev\u00edn C cay\u00f3 derrotado por 2-1 ante el CE Mercantil D, cuarto clasificado, en un partido donde la FE Grama mereci\u00f3 salir sin derrota e incluso con victoria del Polideportivo Arrahona-Merinals.<\/p>\n<p>Partido complicado para los colomenses de primer a\u00f1o que se enfrentaban a un rival mayoritariamente de segundo a\u00f1o con ni\u00f1os altos y fuertes. En el primer cuarto la Grama se repleg\u00f3 en defensa para esperar alg\u00fan error local y salir al contraataque, as\u00ed generaron muchas ocasiones de gol. Mercantil no consigui\u00f3 llegar con peligro, lo intentaron con chutes lejanos y balones parados.<\/p>\n<p>En el segundo cuarto m\u00e1s de lo mismo, los colomenses estuvieron bien con y sin bal\u00f3n. Desgraciadamente antes del descanso en una falta cercana al c\u00f3rner lleg\u00f3 el 1-0. Tercer cuarto muy bueno de la Fundaci\u00f3 que consigui\u00f3 empatar con gol de Alberto M\u00e1rquez. En el \u00faltimo cuarto el Mercantil volvi\u00f3 a ponerse por delante en el marcador, la Grama cambio de sistema y tuvo hasta tres ocasiones claras para empatar pero no pudo ser.<\/p>\n","protected":false},"excerpt":{"rendered":"<p>L&#8217;Alev\u00ed C va caure derrotat per 2-1 davant el CE Mercantil D, quart classificat, en un partit on la FE Grama va mer\u00e8ixer sortir sense derrota i fins i tot amb vict\u00f2ria del Poliesportiu Arraona-Merinals. Partit complicat per als colomencs de primer any que s&#8217;enfrontaven a un rival majorit\u00e0riament de segon any amb nens alts [&hellip;]<\/p>\n","protected":false},"author":1,"featured_media":9688,"comment_status":"closed","ping_status":"closed","sticky":false,"template":"","format":"standard","meta":{"footnotes":""},"categories":[10,4],"tags":[24],"class_list":["post-20730","post","type-post","status-publish","format-standard","has-post-thumbnail","hentry","category-alevins","category-base-inclusiu","tag-fundacio-esportiva-grama"],"_links":{"self":[{"href":"http:\/\/fegrama.cat\/web\/wp-json\/wp\/v2\/posts\/20730","targetHints":{"allow":["GET"]}}],"collection":[{"href":"http:\/\/fegrama.cat\/web\/wp-json\/wp\/v2\/posts"}],"about":[{"href":"http:\/\/fegrama.cat\/web\/wp-json\/wp\/v2\/types\/post"}],"author":[{"embeddable":true,"href":"http:\/\/fegrama.cat\/web\/wp-json\/wp\/v2\/users\/1"}],"replies":[{"embeddable":true,"href":"http:\/\/fegrama.cat\/web\/wp-json\/wp\/v2\/comments?post=20730"}],"version-history":[{"count":1,"href":"http:\/\/fegrama.cat\/web\/wp-json\/wp\/v2\/posts\/20730\/revisions"}],"predecessor-version":[{"id":20731,"href":"http:\/\/fegrama.cat\/web\/wp-json\/wp\/v2\/posts\/20730\/revisions\/20731"}],"wp:featuredmedia":[{"embeddable":true,"href":"http:\/\/fegrama.cat\/web\/wp-json\/wp\/v2\/media\/9688"}],"wp:attachment":[{"href":"http:\/\/fegrama.cat\/web\/wp-json\/wp\/v2\/media?parent=20730"}],"wp:term":[{"taxonomy":"category","embeddable":true,"href":"http:\/\/fegrama.cat\/web\/wp-json\/wp\/v2\/categories?post=20730"},{"taxonomy":"post_tag","embeddable":true,"href":"http:\/\/fegrama.cat\/web\/wp-json\/wp\/v2\/tags?post=20730"}],"curies":[{"name":"wp","href":"https:\/\/api.w.org\/{rel}","templated":true}]}}