{"id":20724,"date":"2017-04-30T18:08:53","date_gmt":"2017-04-30T17:08:53","guid":{"rendered":"http:\/\/fegrama.cat\/web\/?p=20724"},"modified":"2017-04-30T19:04:16","modified_gmt":"2017-04-30T18:04:16","slug":"bona-victoria-del-benjami-c-al-municipal-de-la-grama","status":"publish","type":"post","link":"http:\/\/fegrama.cat\/web\/bona-victoria-del-benjami-c-al-municipal-de-la-grama\/","title":{"rendered":"Bona vict\u00f2ria del Benjam\u00ed C al Municipal de la Grama"},"content":{"rendered":"<p>El Benjam\u00ed C va guanyar 5-3 al CE PB Barcino B.<\/p>\n<p>El partit va comen\u00e7ar b\u00e9 per a la Grama amb un gol de Manuel Romero al minut 8. Tot i aix\u00ed el rival va aconseguir donar-li la volta al marcador (1-2). Els colomencs van saber reaccionar a temps per aconseguir acabar guanyant pl\u00e0cidament i amb control absolut. Robert David en dues ocasions, Badr i Alberto Peralta van marcar els gols blaus.<\/p>\n<div><a href=\"http:\/\/fegrama.cat\/web\/wp-content\/uploads\/2016\/11\/BC.jpg\"><img loading=\"lazy\" decoding=\"async\" class=\"aligncenter\" alt=\"BC\" src=\"http:\/\/fegrama.cat\/web\/wp-content\/uploads\/2016\/11\/BC.jpg\" width=\"560\" height=\"478\" \/><\/a><strong><\/strong><\/div>\n<p>El Benjam\u00edn C gan\u00f3 5-3 al CE PB Barcino B.<\/p>\n<p>El partido empez\u00f3 bien para la Grama con un gol de Manuel Romero en el minuto 8. A\u00fan as\u00ed el rival consigui\u00f3 darle la vuelta al marcador (1-2). Los colomenses supieron reaccionar a tiempo para lograr acabar ganando pl\u00e1cidamente y con control absoluto. Robert David en dos ocasiones, Badr y Alberto Peralta marcaron los goles azules.<\/p>\n","protected":false},"excerpt":{"rendered":"<p>El Benjam\u00ed C va guanyar 5-3 al CE PB Barcino B. El partit va comen\u00e7ar b\u00e9 per a la Grama amb un gol de Manuel Romero al minut 8. Tot i aix\u00ed el rival va aconseguir donar-li la volta al marcador (1-2). Els colomencs van saber reaccionar a temps per aconseguir acabar guanyant pl\u00e0cidament i [&hellip;]<\/p>\n","protected":false},"author":1,"featured_media":18433,"comment_status":"closed","ping_status":"closed","sticky":false,"template":"","format":"standard","meta":{"footnotes":""},"categories":[4,11],"tags":[24,55],"class_list":["post-20724","post","type-post","status-publish","format-standard","has-post-thumbnail","hentry","category-base-inclusiu","category-benjamins","tag-fundacio-esportiva-grama","tag-nou-municipal-de-santa-coloma"],"_links":{"self":[{"href":"http:\/\/fegrama.cat\/web\/wp-json\/wp\/v2\/posts\/20724","targetHints":{"allow":["GET"]}}],"collection":[{"href":"http:\/\/fegrama.cat\/web\/wp-json\/wp\/v2\/posts"}],"about":[{"href":"http:\/\/fegrama.cat\/web\/wp-json\/wp\/v2\/types\/post"}],"author":[{"embeddable":true,"href":"http:\/\/fegrama.cat\/web\/wp-json\/wp\/v2\/users\/1"}],"replies":[{"embeddable":true,"href":"http:\/\/fegrama.cat\/web\/wp-json\/wp\/v2\/comments?post=20724"}],"version-history":[{"count":1,"href":"http:\/\/fegrama.cat\/web\/wp-json\/wp\/v2\/posts\/20724\/revisions"}],"predecessor-version":[{"id":20725,"href":"http:\/\/fegrama.cat\/web\/wp-json\/wp\/v2\/posts\/20724\/revisions\/20725"}],"wp:featuredmedia":[{"embeddable":true,"href":"http:\/\/fegrama.cat\/web\/wp-json\/wp\/v2\/media\/18433"}],"wp:attachment":[{"href":"http:\/\/fegrama.cat\/web\/wp-json\/wp\/v2\/media?parent=20724"}],"wp:term":[{"taxonomy":"category","embeddable":true,"href":"http:\/\/fegrama.cat\/web\/wp-json\/wp\/v2\/categories?post=20724"},{"taxonomy":"post_tag","embeddable":true,"href":"http:\/\/fegrama.cat\/web\/wp-json\/wp\/v2\/tags?post=20724"}],"curies":[{"name":"wp","href":"https:\/\/api.w.org\/{rel}","templated":true}]}}