{"id":20722,"date":"2017-04-30T18:12:19","date_gmt":"2017-04-30T17:12:19","guid":{"rendered":"http:\/\/fegrama.cat\/web\/?p=20722"},"modified":"2017-04-30T18:12:19","modified_gmt":"2017-04-30T17:12:19","slug":"maneta-i-gran-partit-del-benjami-b","status":"publish","type":"post","link":"http:\/\/fegrama.cat\/web\/maneta-i-gran-partit-del-benjami-b\/","title":{"rendered":"Maneta i gran partit del Benjam\u00ed B"},"content":{"rendered":"<p>El Benjam\u00ed B va guanyar 5-0 al FC Can Buxeres.<\/p>\n<p>Partit molt complet de la Grama que va saltar al camp amb moltes ganes de sumar tres punts. Els colomencs van aprofitar totes les ocasions que van tenir, tamb\u00e9 van defensar molt b\u00e9 aconseguint deixar la porteria a zero. Una vict\u00f2ria que els vindr\u00e0 an\u00edmicament b\u00e9. Els golejadors de l&#8217;equip van ser Dani (3), Xavi i Eric.<\/p>\n<p><a href=\"http:\/\/fegrama.cat\/web\/wp-content\/uploads\/2016\/10\/benjB.jpg\"><img loading=\"lazy\" decoding=\"async\" class=\"aligncenter\" alt=\"benjB\" src=\"http:\/\/fegrama.cat\/web\/wp-content\/uploads\/2016\/10\/benjB.jpg\" width=\"556\" height=\"418\" \/><\/a><\/p>\n<p>El Benjam\u00edn B gan\u00f3 5-0 al FC Can Buxeres.<\/p>\n<p>Partido muy completo de la Grama que salt\u00f3 al campo con muchas ganas de sumar tres puntos. Los colomenses aprovecharon todas las ocasiones que tuvieron, tambi\u00e9n defendieron muy bien consiguiendo dejar la porter\u00eda a cero. Una victoria que les vendr\u00e1 an\u00edmicamente bien. Los goleadores del equipo fueron Dani (3), Xavi y Eric.<\/p>\n","protected":false},"excerpt":{"rendered":"<p>El Benjam\u00ed B va guanyar 5-0 al FC Can Buxeres. Partit molt complet de la Grama que va saltar al camp amb moltes ganes de sumar tres punts. Els colomencs van aprofitar totes les ocasions que van tenir, tamb\u00e9 van defensar molt b\u00e9 aconseguint deixar la porteria a zero. Una vict\u00f2ria que els vindr\u00e0 an\u00edmicament [&hellip;]<\/p>\n","protected":false},"author":1,"featured_media":0,"comment_status":"closed","ping_status":"closed","sticky":false,"template":"","format":"standard","meta":{"footnotes":""},"categories":[4,11],"tags":[24,55],"class_list":["post-20722","post","type-post","status-publish","format-standard","hentry","category-base-inclusiu","category-benjamins","tag-fundacio-esportiva-grama","tag-nou-municipal-de-santa-coloma"],"_links":{"self":[{"href":"http:\/\/fegrama.cat\/web\/wp-json\/wp\/v2\/posts\/20722","targetHints":{"allow":["GET"]}}],"collection":[{"href":"http:\/\/fegrama.cat\/web\/wp-json\/wp\/v2\/posts"}],"about":[{"href":"http:\/\/fegrama.cat\/web\/wp-json\/wp\/v2\/types\/post"}],"author":[{"embeddable":true,"href":"http:\/\/fegrama.cat\/web\/wp-json\/wp\/v2\/users\/1"}],"replies":[{"embeddable":true,"href":"http:\/\/fegrama.cat\/web\/wp-json\/wp\/v2\/comments?post=20722"}],"version-history":[{"count":1,"href":"http:\/\/fegrama.cat\/web\/wp-json\/wp\/v2\/posts\/20722\/revisions"}],"predecessor-version":[{"id":20723,"href":"http:\/\/fegrama.cat\/web\/wp-json\/wp\/v2\/posts\/20722\/revisions\/20723"}],"wp:attachment":[{"href":"http:\/\/fegrama.cat\/web\/wp-json\/wp\/v2\/media?parent=20722"}],"wp:term":[{"taxonomy":"category","embeddable":true,"href":"http:\/\/fegrama.cat\/web\/wp-json\/wp\/v2\/categories?post=20722"},{"taxonomy":"post_tag","embeddable":true,"href":"http:\/\/fegrama.cat\/web\/wp-json\/wp\/v2\/tags?post=20722"}],"curies":[{"name":"wp","href":"https:\/\/api.w.org\/{rel}","templated":true}]}}