{"id":20718,"date":"2017-04-30T17:14:27","date_gmt":"2017-04-30T16:14:27","guid":{"rendered":"http:\/\/fegrama.cat\/web\/?p=20718"},"modified":"2017-04-30T17:14:27","modified_gmt":"2017-04-30T16:14:27","slug":"linfantil-c-no-va-poder-amb-el-mataro","status":"publish","type":"post","link":"http:\/\/fegrama.cat\/web\/linfantil-c-no-va-poder-amb-el-mataro\/","title":{"rendered":"L&#8217;Infantil C no va poder amb el Matar\u00f3"},"content":{"rendered":"<p>L&#8217;Infantil C ho va intentar fins al final per\u00f2 acabaria caient 2-3 davant el CE Matar\u00f3 C, segon classificat.<\/p>\n<p>Partit molt complicat per a la Fundaci\u00f3, pel rival i perqu\u00e8 a m\u00e9s nom\u00e9s tenien dos canvis i un d&#8217;ells estava tocat. A la primera meitat el Matar\u00f3 va voler jugar molt amb la pilota i la Grama intentava aguantar en el mig camp per robar i muntar el contraatac, aix\u00ed va venir el primer gol obra de Dennis.<\/p>\n<p>Una fallada defensiva en un c\u00f3rner va costar l&#8217;empat i m\u00e9s tard una p\u00e8rdua de pilota al centre del camp es convertiria en un contraatac que va acabar sent l&#8217;1-2. Just abans del descans Dani envia una bona pilota en llarg a l&#8217;esquena de la defensa i Izan de vaselina marcava el 2-2. A la segona meitat dues lesions de la Fundaci\u00f3 fa que l&#8217;equip esgoti els seus canvis i poc a poc comencen a no arribar a l&#8217;\u00e0rea.<\/p>\n<p>Matar\u00f3 tampoc aconseguia passar la l\u00ednia defensiva i es va convertir el partit en molt de joc al centre. Desgraciadament una pilota a l&#8217;esquena de la defensa seria aprofitat per l&#8217;equip visitant (2-3). La Grama va estar fins a l&#8217;\u00faltim segon a la recerca de l&#8217;empat per\u00f2 no va ser possible.<\/p>\n<div><a href=\"http:\/\/fegrama.cat\/web\/wp-content\/uploads\/2016\/12\/IC.jpg\"><img loading=\"lazy\" decoding=\"async\" class=\"aligncenter\" alt=\"IC\" src=\"http:\/\/fegrama.cat\/web\/wp-content\/uploads\/2016\/12\/IC.jpg\" width=\"560\" height=\"503\" \/><\/a><strong><\/strong><\/div>\n<p>El Infantil C lo intent\u00f3 hasta el final pero acabar\u00eda cayendo 2-3 ante el CE Matar\u00f3 C, segundo clasificado.<\/p>\n<p>Partido muy complicado para la Fundaci\u00f3, por el rival y porqu\u00e9 adem\u00e1s solamente ten\u00edan dos cambios y uno de ellos estaba tocado. En la primera mitad el Matar\u00f3 quiso jugar mucho con el bal\u00f3n y la Grama intentaba aguantar en el medio campo para robar y montar el contraataque, as\u00ed vino el primer gol obra de Dennis.<\/p>\n<p>Un fallo defensivo en un c\u00f3rner cost\u00f3 el empate y m\u00e1s tarde una p\u00e9rdida de bal\u00f3n en el centro del campo se convertir\u00eda en un contragolpe que acab\u00f3 siendo el 1-2. Justo antes del descanso Dani env\u00eda un buen bal\u00f3n en largo a la espalda de la defensa e Izan de vaselina marcaba el 2-2. En la segunda mitad dos lesiones de la Fundaci\u00f3 hace que el equipo agote sus cambios y poco a poco empiezan a no llegar al \u00e1rea.<\/p>\n<p>Matar\u00f3 tampoco consegu\u00eda pasar la l\u00ednea defensiva y se convirti\u00f3 el partido en mucho juego en el centro. Desgraciadamente un bal\u00f3n a la espalda de la defensa ser\u00eda aprovechado por el equipo visitante (2-3). La Grama estuvo hasta el \u00faltimo segundo en busca del empate pero no fue posible.<\/p>\n","protected":false},"excerpt":{"rendered":"<p>L&#8217;Infantil C ho va intentar fins al final per\u00f2 acabaria caient 2-3 davant el CE Matar\u00f3 C, segon classificat. Partit molt complicat per a la Fundaci\u00f3, pel rival i perqu\u00e8 a m\u00e9s nom\u00e9s tenien dos canvis i un d&#8217;ells estava tocat. A la primera meitat el Matar\u00f3 va voler jugar molt amb la pilota i [&hellip;]<\/p>\n","protected":false},"author":1,"featured_media":18734,"comment_status":"closed","ping_status":"closed","sticky":false,"template":"","format":"standard","meta":{"footnotes":""},"categories":[4,9],"tags":[24,55],"class_list":["post-20718","post","type-post","status-publish","format-standard","has-post-thumbnail","hentry","category-base-inclusiu","category-infantils","tag-fundacio-esportiva-grama","tag-nou-municipal-de-santa-coloma"],"_links":{"self":[{"href":"http:\/\/fegrama.cat\/web\/wp-json\/wp\/v2\/posts\/20718","targetHints":{"allow":["GET"]}}],"collection":[{"href":"http:\/\/fegrama.cat\/web\/wp-json\/wp\/v2\/posts"}],"about":[{"href":"http:\/\/fegrama.cat\/web\/wp-json\/wp\/v2\/types\/post"}],"author":[{"embeddable":true,"href":"http:\/\/fegrama.cat\/web\/wp-json\/wp\/v2\/users\/1"}],"replies":[{"embeddable":true,"href":"http:\/\/fegrama.cat\/web\/wp-json\/wp\/v2\/comments?post=20718"}],"version-history":[{"count":1,"href":"http:\/\/fegrama.cat\/web\/wp-json\/wp\/v2\/posts\/20718\/revisions"}],"predecessor-version":[{"id":20719,"href":"http:\/\/fegrama.cat\/web\/wp-json\/wp\/v2\/posts\/20718\/revisions\/20719"}],"wp:featuredmedia":[{"embeddable":true,"href":"http:\/\/fegrama.cat\/web\/wp-json\/wp\/v2\/media\/18734"}],"wp:attachment":[{"href":"http:\/\/fegrama.cat\/web\/wp-json\/wp\/v2\/media?parent=20718"}],"wp:term":[{"taxonomy":"category","embeddable":true,"href":"http:\/\/fegrama.cat\/web\/wp-json\/wp\/v2\/categories?post=20718"},{"taxonomy":"post_tag","embeddable":true,"href":"http:\/\/fegrama.cat\/web\/wp-json\/wp\/v2\/tags?post=20718"}],"curies":[{"name":"wp","href":"https:\/\/api.w.org\/{rel}","templated":true}]}}