{"id":20715,"date":"2017-04-30T16:50:41","date_gmt":"2017-04-30T15:50:41","guid":{"rendered":"http:\/\/fegrama.cat\/web\/?p=20715"},"modified":"2017-04-30T16:50:41","modified_gmt":"2017-04-30T15:50:41","slug":"maneta-del-benjami-d-al-camp-del-tercer-classificat","status":"publish","type":"post","link":"http:\/\/fegrama.cat\/web\/maneta-del-benjami-d-al-camp-del-tercer-classificat\/","title":{"rendered":"Maneta del Benjam\u00ed D al camp del tercer classificat"},"content":{"rendered":"<p>El Benjam\u00ed D va guanyar 0-5 a la PB Trinitat Vella, tercers classificat de la lliga. Resultat molt volumin\u00f3s en un partit que no va ser gens f\u00e0cil.<\/p>\n<p>La Grama va saltar al camp pressionant a dalt amb tres puntes, el plantejament va sortir b\u00e9 i en el primer quart un solitari gol d&#8217;Unax va donar un avantatge m\u00ednim al seu equip. Despr\u00e9s d&#8217;un quart molt igualat el segon va ser semblant i un gol en pr\u00f2pia porta va posar el 0-2. Despr\u00e9s del descans el conjunt local va baixar una mica el ritme i aix\u00f2 va afavorir a la Grama que va tenir moltes ocasions de gol per\u00f2 sense sort.<\/p>\n<p>L&#8217;\u00faltim quart va ser dominat completament pels blaus que van augmentar el seu avantatge amb gols de Gabriel, \u00c1lvaro des de mig camp i Alex.<\/p>\n<p><a href=\"http:\/\/fegrama.cat\/web\/wp-content\/uploads\/2017\/03\/IMG-20170223-WA0006.jpg\"><img loading=\"lazy\" decoding=\"async\" class=\"aligncenter\" alt=\"IMG-20170223-WA0006\" src=\"http:\/\/fegrama.cat\/web\/wp-content\/uploads\/2017\/03\/IMG-20170223-WA0006-1024x682.jpg\" width=\"618\" height=\"411\" \/><\/a><strong><\/strong><\/p>\n<p>El Benjam\u00edn D gan\u00f3 0-5 a la PB Trinitat Vella, terceros clasificado de la liga. Resultado muy abultado en un partido que no fue nada f\u00e1cil.<\/p>\n<p>La Grama salt\u00f3 al campo apretando arriba con tres puntas, el planteamiento sali\u00f3 bien y en el primer cuarto un solitario gol de Unax dio una ventaja m\u00ednima a su equipo. Tras un cuarto muy igualado el segundo fue parecido y un gol en propia puerta puso el 0-2. Tras el descanso el conjunto local baj\u00f3 un poco el ritmo y eso favoreci\u00f3 a la Grama que tuvo muchas ocasiones de gol pero sin suerte.<\/p>\n<p>El \u00faltimo cuarto fue dominado por completo por los azules que aumentaron su ventaja con goles de Gabriel, \u00c1lvaro desde medio campo y Alex.<\/p>\n","protected":false},"excerpt":{"rendered":"<p>El Benjam\u00ed D va guanyar 0-5 a la PB Trinitat Vella, tercers classificat de la lliga. Resultat molt volumin\u00f3s en un partit que no va ser gens f\u00e0cil. La Grama va saltar al camp pressionant a dalt amb tres puntes, el plantejament va sortir b\u00e9 i en el primer quart un solitari gol d&#8217;Unax va [&hellip;]<\/p>\n","protected":false},"author":1,"featured_media":18377,"comment_status":"closed","ping_status":"closed","sticky":false,"template":"","format":"standard","meta":{"footnotes":""},"categories":[4,11],"tags":[],"class_list":["post-20715","post","type-post","status-publish","format-standard","has-post-thumbnail","hentry","category-base-inclusiu","category-benjamins"],"_links":{"self":[{"href":"http:\/\/fegrama.cat\/web\/wp-json\/wp\/v2\/posts\/20715","targetHints":{"allow":["GET"]}}],"collection":[{"href":"http:\/\/fegrama.cat\/web\/wp-json\/wp\/v2\/posts"}],"about":[{"href":"http:\/\/fegrama.cat\/web\/wp-json\/wp\/v2\/types\/post"}],"author":[{"embeddable":true,"href":"http:\/\/fegrama.cat\/web\/wp-json\/wp\/v2\/users\/1"}],"replies":[{"embeddable":true,"href":"http:\/\/fegrama.cat\/web\/wp-json\/wp\/v2\/comments?post=20715"}],"version-history":[{"count":1,"href":"http:\/\/fegrama.cat\/web\/wp-json\/wp\/v2\/posts\/20715\/revisions"}],"predecessor-version":[{"id":20716,"href":"http:\/\/fegrama.cat\/web\/wp-json\/wp\/v2\/posts\/20715\/revisions\/20716"}],"wp:featuredmedia":[{"embeddable":true,"href":"http:\/\/fegrama.cat\/web\/wp-json\/wp\/v2\/media\/18377"}],"wp:attachment":[{"href":"http:\/\/fegrama.cat\/web\/wp-json\/wp\/v2\/media?parent=20715"}],"wp:term":[{"taxonomy":"category","embeddable":true,"href":"http:\/\/fegrama.cat\/web\/wp-json\/wp\/v2\/categories?post=20715"},{"taxonomy":"post_tag","embeddable":true,"href":"http:\/\/fegrama.cat\/web\/wp-json\/wp\/v2\/tags?post=20715"}],"curies":[{"name":"wp","href":"https:\/\/api.w.org\/{rel}","templated":true}]}}