{"id":20693,"date":"2017-04-30T16:55:44","date_gmt":"2017-04-30T15:55:44","guid":{"rendered":"http:\/\/fegrama.cat\/web\/?p=20693"},"modified":"2017-04-30T16:55:44","modified_gmt":"2017-04-30T15:55:44","slug":"resums-dels-equips-prebenjamins-30-dabril","status":"publish","type":"post","link":"http:\/\/fegrama.cat\/web\/resums-dels-equips-prebenjamins-30-dabril\/","title":{"rendered":"Resums dels equips Prebenjamins (30 d\u2019abril)"},"content":{"rendered":"<div>\n<p><a href=\"http:\/\/fegrama.cat\/web\/wp-content\/uploads\/2016\/11\/PA.jpg\"><img loading=\"lazy\" decoding=\"async\" class=\"aligncenter\" alt=\"PA\" src=\"http:\/\/fegrama.cat\/web\/wp-content\/uploads\/2016\/11\/PA.jpg\" width=\"560\" height=\"501\" \/><\/a><strong><\/strong><\/p>\n<p><strong>PREBENJAM\u00cd A 2-3 FPE Europa<br \/>\n<\/strong><\/p>\n<p>La Grama es va posar per davant en el primer quart per\u00f2 un error defensiu en el segon va ser aprofitat pel rival. Partit amb ocasions per a tots dos equip, l&#8217;Europa amb m\u00e9s encert va aconseguir posar-se 1-3. En l&#8217;\u00faltim quart la Grama va retallar dist\u00e0ncies en el marcador per\u00f2 no va aconseguir empatar, arribant a fallar fins a un penal en l&#8217;\u00faltim minuts. Resultat que no va fer just\u00edcia a l&#8217;esfor\u00e7 dels nens.<\/p>\n<p>La Grama se puso por delante en el primer cuarto pero un error defensivo en el segundo fue aprovechado por el rival. Partido con ocasiones para ambos equipo, el Europa con m\u00e1s acierto consigui\u00f3 ponerse 1-3. En el \u00faltimo cuarto la Grama recort\u00f3 distancias en el marcador pero no consigui\u00f3 empatar, llegando a fallar hasta un penalti en el \u00faltimo minutos. Resultado que no hizo justicia al esfuerzo de los ni\u00f1os.<\/p>\n<p><a href=\"http:\/\/fegrama.cat\/web\/wp-content\/uploads\/2016\/11\/PB.jpg\"><img loading=\"lazy\" decoding=\"async\" class=\"aligncenter\" alt=\"PB\" src=\"http:\/\/fegrama.cat\/web\/wp-content\/uploads\/2016\/11\/PB.jpg\" width=\"558\" height=\"468\" \/><\/a><strong><\/strong><\/p>\n<p><strong>FC Martinenc B 1-2 PREBENJAM\u00cd B<\/strong><\/p>\n<p>Resultat engany\u00f3s el que va sortir del partit jugat al Municipal del Guinard\u00f3. Els colomencs van ser \u00e0mpliament superiors al llarg de tot el joc, dominant la pilota i creant m\u00e9s ocasions. Nom\u00e9s amb un gol en els \u00faltims minuts els locals es van ficar en el partit.<\/p>\n<p>Resultado enga\u00f1oso el que sali\u00f3 del partido jugado en el Municipal del Guinard\u00f3. Los colomenses fueron ampliamente superiores a lo largo de todo el juego, dominando el bal\u00f3n y creando m\u00e1s ocasiones. S\u00f3lo con un gol en los \u00faltimos minutos los locales se metieron en el partido.<\/p>\n<p><a href=\"http:\/\/fegrama.cat\/web\/wp-content\/uploads\/2016\/11\/PD.jpg\"><img loading=\"lazy\" decoding=\"async\" class=\"aligncenter\" alt=\"PD\" src=\"http:\/\/fegrama.cat\/web\/wp-content\/uploads\/2016\/11\/PD.jpg\" width=\"560\" height=\"463\" \/><\/a><strong><\/strong><\/p>\n<p><strong>PREBENJAM\u00cd C 8-2 CF Monta\u00f1esa C<br \/>\n<\/strong><\/p>\n<p>Partit f\u00e0cil d&#8217;inici a fi per a una Grama que va dominar tot el joc. En alguns moments els colomencs es van relaxar per\u00f2 sempre van saber acabar b\u00e9 les jugades i combinar b\u00e9 entre tots els jugadors, una mica tous en defensa per\u00f2 letals en atac per sumar tres punts merescuts.<\/p>\n<p>Partido f\u00e1cil de inicio a fin para una Grama que domin\u00f3 todo el juego. En algunos momentos los colomenses se relajaron pero siempre supieron acabar bien las jugadas y combinar bien entre todos los jugadores, un poco blandos en defensa pero letales en ataque para sumar tres puntos merecidos.<\/p>\n<p><a href=\"http:\/\/fegrama.cat\/web\/wp-content\/uploads\/2017\/03\/PD.jpg\"><img loading=\"lazy\" decoding=\"async\" class=\"aligncenter\" alt=\"PD\" src=\"http:\/\/fegrama.cat\/web\/wp-content\/uploads\/2017\/03\/PD.jpg\" width=\"640\" height=\"566\" \/><\/a><\/p>\n<p><strong>Fund.Priv.CE J\u00fapiter C 1-10 PREBENJAM\u00cd D<\/strong><\/p>\n<p>Bon partit de la Grama que va sortir des del xiulet inicial a guanyar el partit i posant-se molt r\u00e0pid amb 0-3. Xoc tranquil per als colomencs que van moure molt b\u00e9 la pilota i van ser molt efectius.<\/p>\n<p>Buen partido de la Grama que sali\u00f3 desde el pitido inicial a ganar el partido y poni\u00e9ndose muy r\u00e1pido con 0-3. Choque tranquilo para los colomenses que movieron muy bien el bal\u00f3n y fueron muy efectivos.<\/p>\n<p><a href=\"http:\/\/fegrama.cat\/web\/wp-content\/uploads\/2016\/10\/prebE.jpg\"><img loading=\"lazy\" decoding=\"async\" class=\"aligncenter\" alt=\"prebE\" src=\"http:\/\/fegrama.cat\/web\/wp-content\/uploads\/2016\/10\/prebE.jpg\" width=\"643\" height=\"384\" \/><\/a><strong><\/strong><\/p>\n<p><strong>UE Sants 2-5 PREBENJAM\u00cd E<\/strong><\/p>\n<p>Els nois d&#8217;Alex Jim\u00e9nez i Daniel Llamas tanquen la Fase de Grups de Copa Cadeca segons el que els classifica a les Semifinals. Luis amb un gran gol des de fora de l&#8217;\u00e0rea va avan\u00e7ar a la Grama, Emma va fer el segon, els locals van retallar dist\u00e0ncies per\u00f2 David des de mig camp faria el tercer nom\u00e9s treure de centre. A la segona meitat un gol en pr\u00f2pia porta i un de Randy des de mig camp van tancar la maneta.<\/p>\n<p>Los chicos de Alex Jim\u00e9nez y Daniel Llamas cierran la Fase de Grupos de Copa Cadeca segundos lo que les clasifica a las Semifinales. Luis con un gran gol desde fuera del \u00e1rea adelant\u00f3 a la Grama, Emma hizo el segundo, los locales recortaron distancias pero David desde medio campo har\u00eda el tercero nada m\u00e1s sacar de centro. En la segunda mitad un gol en propia puerta y uno de Randy desde medio campo cerraron la manita.<\/p>\n<\/div>\n","protected":false},"excerpt":{"rendered":"<p>PREBENJAM\u00cd A 2-3 FPE Europa La Grama es va posar per davant en el primer quart per\u00f2 un error defensiu en el segon va ser aprofitat pel rival. Partit amb ocasions per a tots dos equip, l&#8217;Europa amb m\u00e9s encert va aconseguir posar-se 1-3. En l&#8217;\u00faltim quart la Grama va retallar dist\u00e0ncies en el marcador [&hellip;]<\/p>\n","protected":false},"author":1,"featured_media":5821,"comment_status":"closed","ping_status":"closed","sticky":false,"template":"","format":"standard","meta":{"footnotes":""},"categories":[4,12],"tags":[24,802],"class_list":["post-20693","post","type-post","status-publish","format-standard","has-post-thumbnail","hentry","category-base-inclusiu","category-prebenjamins","tag-fundacio-esportiva-grama","tag-municipal-les-oliveres"],"_links":{"self":[{"href":"http:\/\/fegrama.cat\/web\/wp-json\/wp\/v2\/posts\/20693","targetHints":{"allow":["GET"]}}],"collection":[{"href":"http:\/\/fegrama.cat\/web\/wp-json\/wp\/v2\/posts"}],"about":[{"href":"http:\/\/fegrama.cat\/web\/wp-json\/wp\/v2\/types\/post"}],"author":[{"embeddable":true,"href":"http:\/\/fegrama.cat\/web\/wp-json\/wp\/v2\/users\/1"}],"replies":[{"embeddable":true,"href":"http:\/\/fegrama.cat\/web\/wp-json\/wp\/v2\/comments?post=20693"}],"version-history":[{"count":3,"href":"http:\/\/fegrama.cat\/web\/wp-json\/wp\/v2\/posts\/20693\/revisions"}],"predecessor-version":[{"id":20717,"href":"http:\/\/fegrama.cat\/web\/wp-json\/wp\/v2\/posts\/20693\/revisions\/20717"}],"wp:featuredmedia":[{"embeddable":true,"href":"http:\/\/fegrama.cat\/web\/wp-json\/wp\/v2\/media\/5821"}],"wp:attachment":[{"href":"http:\/\/fegrama.cat\/web\/wp-json\/wp\/v2\/media?parent=20693"}],"wp:term":[{"taxonomy":"category","embeddable":true,"href":"http:\/\/fegrama.cat\/web\/wp-json\/wp\/v2\/categories?post=20693"},{"taxonomy":"post_tag","embeddable":true,"href":"http:\/\/fegrama.cat\/web\/wp-json\/wp\/v2\/tags?post=20693"}],"curies":[{"name":"wp","href":"https:\/\/api.w.org\/{rel}","templated":true}]}}