{"id":20623,"date":"2017-04-23T17:24:04","date_gmt":"2017-04-23T16:24:04","guid":{"rendered":"http:\/\/fegrama.cat\/web\/?p=20623"},"modified":"2017-04-24T17:32:37","modified_gmt":"2017-04-24T16:32:37","slug":"el-juvenil-c-va-caure-contra-el-bon-pastor","status":"publish","type":"post","link":"http:\/\/fegrama.cat\/web\/el-juvenil-c-va-caure-contra-el-bon-pastor\/","title":{"rendered":"El Juvenil C va caure contra el Bon Pastor"},"content":{"rendered":"<p>El Juvenil C va ser sorpr\u00e8s per un equip de la part baixa de la classificaci\u00f3. El Bon Pastor B es va dur els tres punts en guanyar 1-3 al Nou Municipal.<\/p>\n<p>Els colomencs van tenir un alt\u00a0percentatge de possessi\u00f3 de pilota per\u00f2 dos errades defensives en cinc minuts els costaria dos gols. El partit arribaria a posar-se 0-3 per a l&#8217;equip visitant i nom\u00e9s Joaquin a falta d&#8217;un quart d&#8217;hora per al final va marcar per a la Grama.<\/p>\n<p>[divider]<\/p>\n<p>El Juvenil C fue sorprendido por un equipo de la parte baja de la clasificaci\u00f3n. El Bon Pastor B se llevo los tres puntos al ganar 1-3 en el Nou Municipal.<\/p>\n<p>Los colomenses tuvieron un alto porcentaje de posesi\u00f3n de bal\u00f3n pero dos fallos defensivos en cinco minutos les costar\u00eda dos goles. El partido llegar\u00eda a ponerse 0-3 para el equipo visitante y solamente Joaquin a falta de un cuarto de hora para el final marc\u00f3 para la Grama.<\/p>\n<p>&nbsp;<\/p>\n","protected":false},"excerpt":{"rendered":"<p>El Juvenil C va ser sorpr\u00e8s per un equip de la part baixa de la classificaci\u00f3. El Bon Pastor B es va dur els tres punts en guanyar 1-3 al Nou Municipal. Els colomencs van tenir un alt\u00a0percentatge de possessi\u00f3 de pilota per\u00f2 dos errades defensives en cinc minuts els costaria dos gols. El partit [&hellip;]<\/p>\n","protected":false},"author":1,"featured_media":0,"comment_status":"closed","ping_status":"closed","sticky":false,"template":"","format":"standard","meta":{"footnotes":""},"categories":[4,6],"tags":[24,55],"class_list":["post-20623","post","type-post","status-publish","format-standard","hentry","category-base-inclusiu","category-juvenils","tag-fundacio-esportiva-grama","tag-nou-municipal-de-santa-coloma"],"_links":{"self":[{"href":"http:\/\/fegrama.cat\/web\/wp-json\/wp\/v2\/posts\/20623","targetHints":{"allow":["GET"]}}],"collection":[{"href":"http:\/\/fegrama.cat\/web\/wp-json\/wp\/v2\/posts"}],"about":[{"href":"http:\/\/fegrama.cat\/web\/wp-json\/wp\/v2\/types\/post"}],"author":[{"embeddable":true,"href":"http:\/\/fegrama.cat\/web\/wp-json\/wp\/v2\/users\/1"}],"replies":[{"embeddable":true,"href":"http:\/\/fegrama.cat\/web\/wp-json\/wp\/v2\/comments?post=20623"}],"version-history":[{"count":1,"href":"http:\/\/fegrama.cat\/web\/wp-json\/wp\/v2\/posts\/20623\/revisions"}],"predecessor-version":[{"id":20624,"href":"http:\/\/fegrama.cat\/web\/wp-json\/wp\/v2\/posts\/20623\/revisions\/20624"}],"wp:attachment":[{"href":"http:\/\/fegrama.cat\/web\/wp-json\/wp\/v2\/media?parent=20623"}],"wp:term":[{"taxonomy":"category","embeddable":true,"href":"http:\/\/fegrama.cat\/web\/wp-json\/wp\/v2\/categories?post=20623"},{"taxonomy":"post_tag","embeddable":true,"href":"http:\/\/fegrama.cat\/web\/wp-json\/wp\/v2\/tags?post=20623"}],"curies":[{"name":"wp","href":"https:\/\/api.w.org\/{rel}","templated":true}]}}