{"id":20612,"date":"2017-04-23T09:30:18","date_gmt":"2017-04-23T08:30:18","guid":{"rendered":"http:\/\/fegrama.cat\/web\/?p=20612"},"modified":"2017-04-24T09:13:42","modified_gmt":"2017-04-24T08:13:42","slug":"linfantil-c-va-caure-per-la-minima-al-vall-dhebron","status":"publish","type":"post","link":"http:\/\/fegrama.cat\/web\/linfantil-c-va-caure-per-la-minima-al-vall-dhebron\/","title":{"rendered":"L&#8217;Infantil C va caure per la m\u00ednima al Vall d&#8217;Hebr\u00f3n"},"content":{"rendered":"<p>L&#8217;Infantil C va caure derrotat per la m\u00ednima, 1-0, davant la Gran Penya Espanyolista Manigua.<\/p>\n<p>La Grama va realitzar una mala primera meitat, en ella van estar malament en atac i sense encadenar bones passades. Moltes imprecisions que van portar a un joc molt lent i sense idees. En defensa els va faltar intensitat per\u00f2 tot i aix\u00ed van saber aguantar el 0-0. Despr\u00e9s del pas per vestidors la Grama va millorar una mica, tenint ocasions per marcar per\u00f2 sense sort.<\/p>\n<p>L&#8217;\u00fanic gol del partit ho faria l&#8217;equip local en una falta desafortunada.<\/p>\n<div><a href=\"http:\/\/fegrama.cat\/web\/wp-content\/uploads\/2016\/12\/IC.jpg\"><img loading=\"lazy\" decoding=\"async\" class=\"aligncenter\" alt=\"IC\" src=\"http:\/\/fegrama.cat\/web\/wp-content\/uploads\/2016\/12\/IC.jpg\" width=\"560\" height=\"503\" \/><\/a><strong><\/strong><\/div>\n<p>El Infantil C cay\u00f3 derrotado por la m\u00ednima, 1-0, ante la Gran Penya Espanyolista Manigua.<\/p>\n<p>La Grama realiz\u00f3 una mala primera mitad, en ella estuvieron mal en ataque y sin encadenar buenos pases. Muchas imprecisiones que llevaron a un juego muy lento y sin ideas. En defensa les falt\u00f3 intensidad pero a\u00fan as\u00ed supieron aguantar el 0-0. Tras el paso por vestuarios la Grama mejor\u00f3 un poco, teniendo ocasiones para marcar pero sin suerte.<\/p>\n<p>El \u00fanico gol del partido lo har\u00eda el equipo local en una falta desafortunada.<\/p>\n","protected":false},"excerpt":{"rendered":"<p>L&#8217;Infantil C va caure derrotat per la m\u00ednima, 1-0, davant la Gran Penya Espanyolista Manigua. La Grama va realitzar una mala primera meitat, en ella van estar malament en atac i sense encadenar bones passades. Moltes imprecisions que van portar a un joc molt lent i sense idees. En defensa els va faltar intensitat per\u00f2 [&hellip;]<\/p>\n","protected":false},"author":1,"featured_media":18734,"comment_status":"closed","ping_status":"closed","sticky":false,"template":"","format":"standard","meta":{"footnotes":""},"categories":[4,9],"tags":[],"class_list":["post-20612","post","type-post","status-publish","format-standard","has-post-thumbnail","hentry","category-base-inclusiu","category-infantils"],"_links":{"self":[{"href":"http:\/\/fegrama.cat\/web\/wp-json\/wp\/v2\/posts\/20612","targetHints":{"allow":["GET"]}}],"collection":[{"href":"http:\/\/fegrama.cat\/web\/wp-json\/wp\/v2\/posts"}],"about":[{"href":"http:\/\/fegrama.cat\/web\/wp-json\/wp\/v2\/types\/post"}],"author":[{"embeddable":true,"href":"http:\/\/fegrama.cat\/web\/wp-json\/wp\/v2\/users\/1"}],"replies":[{"embeddable":true,"href":"http:\/\/fegrama.cat\/web\/wp-json\/wp\/v2\/comments?post=20612"}],"version-history":[{"count":1,"href":"http:\/\/fegrama.cat\/web\/wp-json\/wp\/v2\/posts\/20612\/revisions"}],"predecessor-version":[{"id":20613,"href":"http:\/\/fegrama.cat\/web\/wp-json\/wp\/v2\/posts\/20612\/revisions\/20613"}],"wp:featuredmedia":[{"embeddable":true,"href":"http:\/\/fegrama.cat\/web\/wp-json\/wp\/v2\/media\/18734"}],"wp:attachment":[{"href":"http:\/\/fegrama.cat\/web\/wp-json\/wp\/v2\/media?parent=20612"}],"wp:term":[{"taxonomy":"category","embeddable":true,"href":"http:\/\/fegrama.cat\/web\/wp-json\/wp\/v2\/categories?post=20612"},{"taxonomy":"post_tag","embeddable":true,"href":"http:\/\/fegrama.cat\/web\/wp-json\/wp\/v2\/tags?post=20612"}],"curies":[{"name":"wp","href":"https:\/\/api.w.org\/{rel}","templated":true}]}}