{"id":20603,"date":"2017-04-23T19:30:08","date_gmt":"2017-04-23T18:30:08","guid":{"rendered":"http:\/\/fegrama.cat\/web\/?p=20603"},"modified":"2017-04-23T19:30:08","modified_gmt":"2017-04-23T18:30:08","slug":"linfantil-alevi-es-va-emportar-el-derbi","status":"publish","type":"post","link":"http:\/\/fegrama.cat\/web\/linfantil-alevi-es-va-emportar-el-derbi\/","title":{"rendered":"L&#8217;Infantil-Alev\u00ed es va emportar el derbi"},"content":{"rendered":"<p>L&#8217;Infantil-Alev\u00ed es va emportar el derbi al guanyar 5-2 al CD Arrabal-Calaf de Gramenet B.<\/p>\n<p>Espectacular partit de les nostres f\u00e8mines tot i que la calor apretava, les nostres noies van aguantar un partit intens, bonic i net. Tots dos equips es jugaven la quarta pla\u00e7a en un bonic derbi. La Grama es va avan\u00e7ar al marcador amb una centrada de c\u00f3rner que despr\u00e9s d&#8217;una rematada entre tantes jugadores dins l&#8217;\u00e0rea, li va rebotar en el cos d&#8217;una jugadora visitant i va entrar a la porteria.<\/p>\n<p>Despr\u00e9s d&#8217;un jugada molt vertical i de profunditat va arribar el segon, obra de M\u00f3nica. En defensa la Fundaci\u00f3 va estar segura i disciplinada tot i que el rival va pressionar i va retallar dist\u00e0ncies en el marcador. Elba en una altra jugada vertigal pel centre va marcar el tercer i abans de la mitja part arribaria el 3-2. A la segona meitat amb una passada Angela de vaselina va marcar el quart.<\/p>\n<p>Les bones actuacions de Maria en porteria al costat del perfecte treball defensiu de Marta, Carmen, M\u00f3nica, Andrea i Alba van evitar els atacs rivals. La for\u00e7a d&#8217;Elba al mig camp juntament amb la pressi\u00f3 de les puntes Angela i Ainara, van ajudar a un resultat final de 5-2.<\/p>\n<p><img loading=\"lazy\" decoding=\"async\" class=\"aligncenter\" alt=\"infal\" src=\"http:\/\/fegrama.cat\/web\/wp-content\/uploads\/2016\/10\/infal.jpg\" width=\"610\" height=\"457\" \/><\/p>\n<p>El Infantil-Alev\u00edn se llev\u00f3 el derbi al ganar 5-2 al CD Arrabal-Calaf de Gramenet B.<\/p>\n<p>Espectacular partido de nuestras f\u00e9minas a pesar de que el calor apretaba, nuestras chicas aguantaron un partido intenso, bonito y limpio. Ambos equipos se jugaban la cuarta plaza en un bonito derbi. La Grama se avanz\u00f3 en el marcador con un centro de c\u00f3rner que tras un remate entre tantas jugadoras dentro del \u00e1rea, le rebot\u00f3 en el cuerpo de una jugadora visitante y entr\u00f3 en la porter\u00eda.<\/p>\n<p>Despu\u00e9s de un jugada muy vertical y de profundidad lleg\u00f3 el segundo, obra de M\u00f3nica. En defensa la Fundaci\u00f3 estuvo segura y disciplinada aunque el rival apret\u00f3 y recort\u00f3 distancias en el marcador. Elba en otra jugada vertigal por el centro marc\u00f3 el tercero y antes de la media parte llegar\u00eda el 3-2. En la segunda mitad con un pase Angela de vaselina marc\u00f3 el cuarto.<\/p>\n<p>Las buenas actuaciones de Mar\u00eda en porter\u00eda junto al perfecto trabajo defensivo de Marta, Carmen, M\u00f3nica, Andrea y Alba evitaron los ataques rivales. La fuerza de Elba en medio campo junto con la presi\u00f3n de las puntas Angela y Ainara, ayudaron a un resultado final de 5-2.<\/p>\n<p>Jordi P\u00e9rez: \u00abNo se les puede pedir m\u00e1s, han demostrado sus valores y capacidades, dando lo mejor de s\u00ed, con disciplina, esfuerzo y trabajo. Ni hay palabras para describir lo que est\u00e9 equipo ha conseguido cuando a principios de liga nadie se esperaba el papel que han hecho esta temporada.\u00bb<\/p>\n","protected":false},"excerpt":{"rendered":"<p>L&#8217;Infantil-Alev\u00ed es va emportar el derbi al guanyar 5-2 al CD Arrabal-Calaf de Gramenet B. Espectacular partit de les nostres f\u00e8mines tot i que la calor apretava, les nostres noies van aguantar un partit intens, bonic i net. Tots dos equips es jugaven la quarta pla\u00e7a en un bonic derbi. La Grama es va avan\u00e7ar [&hellip;]<\/p>\n","protected":false},"author":1,"featured_media":17848,"comment_status":"closed","ping_status":"closed","sticky":false,"template":"","format":"standard","meta":{"footnotes":""},"categories":[4,13],"tags":[24,55],"class_list":["post-20603","post","type-post","status-publish","format-standard","has-post-thumbnail","hentry","category-base-inclusiu","category-femeni","tag-fundacio-esportiva-grama","tag-nou-municipal-de-santa-coloma"],"_links":{"self":[{"href":"http:\/\/fegrama.cat\/web\/wp-json\/wp\/v2\/posts\/20603","targetHints":{"allow":["GET"]}}],"collection":[{"href":"http:\/\/fegrama.cat\/web\/wp-json\/wp\/v2\/posts"}],"about":[{"href":"http:\/\/fegrama.cat\/web\/wp-json\/wp\/v2\/types\/post"}],"author":[{"embeddable":true,"href":"http:\/\/fegrama.cat\/web\/wp-json\/wp\/v2\/users\/1"}],"replies":[{"embeddable":true,"href":"http:\/\/fegrama.cat\/web\/wp-json\/wp\/v2\/comments?post=20603"}],"version-history":[{"count":1,"href":"http:\/\/fegrama.cat\/web\/wp-json\/wp\/v2\/posts\/20603\/revisions"}],"predecessor-version":[{"id":20604,"href":"http:\/\/fegrama.cat\/web\/wp-json\/wp\/v2\/posts\/20603\/revisions\/20604"}],"wp:featuredmedia":[{"embeddable":true,"href":"http:\/\/fegrama.cat\/web\/wp-json\/wp\/v2\/media\/17848"}],"wp:attachment":[{"href":"http:\/\/fegrama.cat\/web\/wp-json\/wp\/v2\/media?parent=20603"}],"wp:term":[{"taxonomy":"category","embeddable":true,"href":"http:\/\/fegrama.cat\/web\/wp-json\/wp\/v2\/categories?post=20603"},{"taxonomy":"post_tag","embeddable":true,"href":"http:\/\/fegrama.cat\/web\/wp-json\/wp\/v2\/tags?post=20603"}],"curies":[{"name":"wp","href":"https:\/\/api.w.org\/{rel}","templated":true}]}}