{"id":20591,"date":"2017-04-23T17:43:08","date_gmt":"2017-04-23T16:43:08","guid":{"rendered":"http:\/\/fegrama.cat\/web\/?p=20591"},"modified":"2017-04-23T17:43:08","modified_gmt":"2017-04-23T16:43:08","slug":"derrota-del-benjami-b-al-nou-taxonera","status":"publish","type":"post","link":"http:\/\/fegrama.cat\/web\/derrota-del-benjami-b-al-nou-taxonera\/","title":{"rendered":"Derrota del Benjam\u00ed B al Nou Taxonera"},"content":{"rendered":"<p>El Benjam\u00ed B va caure derrotat per un ajustat 2-1 davant el CF Damm B.<\/p>\n<p>Partit en un camp i davant un rival molt complicat. La Grama va saltar a la gespa amb moltes dubtes, costant-li entrar uns minuts en joc. La Damm va aprofitar una fallada defensiva en el marcatge per avan\u00e7ar-se al marcador. De falta Xavi va aconseguir empatar el xoc per\u00f2 en una jugada individual l&#8217;equip local es va tornar avan\u00e7ar.<\/p>\n<p>Els colomencs van mer\u00e8ixer molt m\u00e9s per\u00f2 no van aconseguir l&#8217;empat el que fa que baixin al cinqu\u00e8 lloc de la lliga.<\/p>\n<p><a href=\"http:\/\/fegrama.cat\/web\/wp-content\/uploads\/2016\/10\/benjB.jpg\"><img loading=\"lazy\" decoding=\"async\" class=\"aligncenter\" alt=\"benjB\" src=\"http:\/\/fegrama.cat\/web\/wp-content\/uploads\/2016\/10\/benjB.jpg\" width=\"556\" height=\"418\" \/><\/a><strong><\/strong><\/p>\n<p>El Benjam\u00edn B cay\u00f3 derrotado por un ajustado 2-1 ante el CF Damm B.<\/p>\n<p>Partido en un campo y ante un rival muy complicado. La Grama salt\u00f3 al c\u00e9sped con muchas dudas, cost\u00e1ndoles entrar unos minutos en juego. La Damm aprovech\u00f3 un fallo defensivo en el marcaje para adelantarse en el marcador. De falta Xavi logr\u00f3 empatar el choque pero en una jugada individual el equipo local se volvi\u00f3 adelantar.<\/p>\n<p>Los colomenses merecieron mucho m\u00e1s pero no consiguieron el empate lo que hace que bajen al quinto puesto de la liga.<\/p>\n","protected":false},"excerpt":{"rendered":"<p>El Benjam\u00ed B va caure derrotat per un ajustat 2-1 davant el CF Damm B. Partit en un camp i davant un rival molt complicat. La Grama va saltar a la gespa amb moltes dubtes, costant-li entrar uns minuts en joc. La Damm va aprofitar una fallada defensiva en el marcatge per avan\u00e7ar-se al marcador. [&hellip;]<\/p>\n","protected":false},"author":1,"featured_media":0,"comment_status":"closed","ping_status":"closed","sticky":false,"template":"","format":"standard","meta":{"footnotes":""},"categories":[4,11],"tags":[],"class_list":["post-20591","post","type-post","status-publish","format-standard","hentry","category-base-inclusiu","category-benjamins"],"_links":{"self":[{"href":"http:\/\/fegrama.cat\/web\/wp-json\/wp\/v2\/posts\/20591","targetHints":{"allow":["GET"]}}],"collection":[{"href":"http:\/\/fegrama.cat\/web\/wp-json\/wp\/v2\/posts"}],"about":[{"href":"http:\/\/fegrama.cat\/web\/wp-json\/wp\/v2\/types\/post"}],"author":[{"embeddable":true,"href":"http:\/\/fegrama.cat\/web\/wp-json\/wp\/v2\/users\/1"}],"replies":[{"embeddable":true,"href":"http:\/\/fegrama.cat\/web\/wp-json\/wp\/v2\/comments?post=20591"}],"version-history":[{"count":1,"href":"http:\/\/fegrama.cat\/web\/wp-json\/wp\/v2\/posts\/20591\/revisions"}],"predecessor-version":[{"id":20592,"href":"http:\/\/fegrama.cat\/web\/wp-json\/wp\/v2\/posts\/20591\/revisions\/20592"}],"wp:attachment":[{"href":"http:\/\/fegrama.cat\/web\/wp-json\/wp\/v2\/media?parent=20591"}],"wp:term":[{"taxonomy":"category","embeddable":true,"href":"http:\/\/fegrama.cat\/web\/wp-json\/wp\/v2\/categories?post=20591"},{"taxonomy":"post_tag","embeddable":true,"href":"http:\/\/fegrama.cat\/web\/wp-json\/wp\/v2\/tags?post=20591"}],"curies":[{"name":"wp","href":"https:\/\/api.w.org\/{rel}","templated":true}]}}