{"id":20587,"date":"2017-04-23T17:06:08","date_gmt":"2017-04-23T16:06:08","guid":{"rendered":"http:\/\/fegrama.cat\/web\/?p=20587"},"modified":"2017-04-23T17:06:08","modified_gmt":"2017-04-23T16:06:08","slug":"golejades-benjamins-d-e-i-f","status":"publish","type":"post","link":"http:\/\/fegrama.cat\/web\/golejades-benjamins-d-e-i-f\/","title":{"rendered":"Golejades: Benjamins D, E i F"},"content":{"rendered":"<p><a href=\"http:\/\/fegrama.cat\/web\/wp-content\/uploads\/2017\/03\/IMG-20170223-WA0006.jpg\"><img loading=\"lazy\" decoding=\"async\" class=\"aligncenter\" alt=\"IMG-20170223-WA0006\" src=\"http:\/\/fegrama.cat\/web\/wp-content\/uploads\/2017\/03\/IMG-20170223-WA0006-1024x682.jpg\" width=\"618\" height=\"411\" \/><\/a><strong><\/strong><\/p>\n<p><strong>BENJAM\u00cd D<\/strong><\/p>\n<p>La Grama segueix golejant i apropant-se poc a poc al campionat de lliga. Sant Mart\u00ed es va avan\u00e7ar al marcador en l&#8217;inici de partit i va obligar als colomencs a remuntar i treure la seva artilleria. 242 gols en el seu caseller i els d&#8217;aquest partit van ser de: David Gracia (3), Unax Hern\u00e1ndez (2), Gabriel Cort\u00e9s (4), \u00c1lvaro Moreno (3), Alex Li\u00f1an (2) i Aleix Arnalte.<\/p>\n<p>La Grama sigue goleando y acerc\u00e1ndose poco a poco al campeonato de liga. Sant Mart\u00ed se adelant\u00f3 en el marcador en el inicio de partido y oblig\u00f3 a los colomenses a remontar y sacar su artiller\u00eda. 242 goles en su casillero y los de este partido fueron de: David Gracia (3), Unax Hern\u00e1ndez (2), Gabriel Cort\u00e9s (4), \u00c1lvaro Moreno (3), Alex Li\u00f1an (2) y Aleix Arnalte.<\/p>\n<p><a href=\"http:\/\/fegrama.cat\/web\/wp-content\/uploads\/2016\/11\/BE.jpg\"><img loading=\"lazy\" decoding=\"async\" class=\"aligncenter\" alt=\"BE\" src=\"http:\/\/fegrama.cat\/web\/wp-content\/uploads\/2016\/11\/BE.jpg\" width=\"538\" height=\"387\" \/><\/a><strong><\/strong><\/p>\n<p><strong>BENJAM\u00cd E 13-2 Bon Pastor AE<br \/>\n<\/strong><\/p>\n<p>Els colomencs van trencar la mala ratxa amb golejada davant l&#8217;antepen\u00faltim classificat. Un error defensiu va ser aprofitat pel Bon Pastor i la Grama va haver de remuntar. Van dominar i van jugar molt b\u00e9 amb la pilota, creant moltes ocasions i marcant molts gols. Els golejadors van ser: H\u00e9ctor (2), Ismael (3), Gerardo Javier (2), Hugo (2), Samuel David, Francisco Javier, Felipe, Miguel i un en pr\u00f2pia porta.<\/p>\n<p>Los colomenses rompieron la mala racha con goleada ante el antepen\u00faltimo clasificado. Un fallo defensivo fue aprovechado por el Bon Pastor y la Grama tuvo que remontar. Dominaron y jugaron muy bien con el bal\u00f3n, creando muchas ocasiones y marcando muchos goles. Los goleadores fueron: H\u00e9ctor (2), Ismael (3), Gerard Javier (2), Hugo (2), Samuel David, Francisco Javier, Felipe, Miguel y uno en propia puerta.<\/p>\n<div><a href=\"http:\/\/fegrama.cat\/web\/wp-content\/uploads\/2016\/12\/BF.jpg\"><img loading=\"lazy\" decoding=\"async\" class=\"aligncenter\" alt=\"BF\" src=\"http:\/\/fegrama.cat\/web\/wp-content\/uploads\/2016\/12\/BF.jpg\" width=\"560\" height=\"486\" \/><\/a><strong><\/strong><\/div>\n<div><\/div>\n<div><strong>EE Guineueta B 11-0 BENJAM\u00cd F<\/strong><\/div>\n<p>Tres minuts i el partit ja s&#8217;havia decantat per als locals amb dos gols. El conjunt de Barcelona va ser molt superior a la Grama, els jugadors ho van intentar i van lluitar molt per\u00f2 no van poder evitar un mal resultat.<\/p>\n<p>Tres minutosy el partido ya se hab\u00eda decantado para los locales con dos goles. El conjunto de Barcelona fue muy superior a la Grama, los jugadores lo intentaron y lucharon mucho pero no pudieron evitar un mal resultado.<\/p>\n","protected":false},"excerpt":{"rendered":"<p>BENJAM\u00cd D La Grama segueix golejant i apropant-se poc a poc al campionat de lliga. Sant Mart\u00ed es va avan\u00e7ar al marcador en l&#8217;inici de partit i va obligar als colomencs a remuntar i treure la seva artilleria. 242 gols en el seu caseller i els d&#8217;aquest partit van ser de: David Gracia (3), Unax [&hellip;]<\/p>\n","protected":false},"author":1,"featured_media":18377,"comment_status":"closed","ping_status":"closed","sticky":false,"template":"","format":"standard","meta":{"footnotes":""},"categories":[4,11],"tags":[24,55],"class_list":["post-20587","post","type-post","status-publish","format-standard","has-post-thumbnail","hentry","category-base-inclusiu","category-benjamins","tag-fundacio-esportiva-grama","tag-nou-municipal-de-santa-coloma"],"_links":{"self":[{"href":"http:\/\/fegrama.cat\/web\/wp-json\/wp\/v2\/posts\/20587","targetHints":{"allow":["GET"]}}],"collection":[{"href":"http:\/\/fegrama.cat\/web\/wp-json\/wp\/v2\/posts"}],"about":[{"href":"http:\/\/fegrama.cat\/web\/wp-json\/wp\/v2\/types\/post"}],"author":[{"embeddable":true,"href":"http:\/\/fegrama.cat\/web\/wp-json\/wp\/v2\/users\/1"}],"replies":[{"embeddable":true,"href":"http:\/\/fegrama.cat\/web\/wp-json\/wp\/v2\/comments?post=20587"}],"version-history":[{"count":1,"href":"http:\/\/fegrama.cat\/web\/wp-json\/wp\/v2\/posts\/20587\/revisions"}],"predecessor-version":[{"id":20588,"href":"http:\/\/fegrama.cat\/web\/wp-json\/wp\/v2\/posts\/20587\/revisions\/20588"}],"wp:featuredmedia":[{"embeddable":true,"href":"http:\/\/fegrama.cat\/web\/wp-json\/wp\/v2\/media\/18377"}],"wp:attachment":[{"href":"http:\/\/fegrama.cat\/web\/wp-json\/wp\/v2\/media?parent=20587"}],"wp:term":[{"taxonomy":"category","embeddable":true,"href":"http:\/\/fegrama.cat\/web\/wp-json\/wp\/v2\/categories?post=20587"},{"taxonomy":"post_tag","embeddable":true,"href":"http:\/\/fegrama.cat\/web\/wp-json\/wp\/v2\/tags?post=20587"}],"curies":[{"name":"wp","href":"https:\/\/api.w.org\/{rel}","templated":true}]}}