{"id":20578,"date":"2017-04-23T16:18:52","date_gmt":"2017-04-23T15:18:52","guid":{"rendered":"http:\/\/fegrama.cat\/web\/?p=20578"},"modified":"2017-04-23T16:18:52","modified_gmt":"2017-04-23T15:18:52","slug":"lalevi-e-va-guanyar-a-can-drago","status":"publish","type":"post","link":"http:\/\/fegrama.cat\/web\/lalevi-e-va-guanyar-a-can-drago\/","title":{"rendered":"L&#8217;Alev\u00ed E va guanyar a Can Drag\u00f3"},"content":{"rendered":"<p>L&#8217;Alev\u00ed E va sumar una vict\u00f2ria per 3-6 davant el CF Alzamora B.<\/p>\n<p>Van comen\u00e7ar adormits els jugadors blaus que van encaixar aviat el primer gol del xoc, i malgrat el r\u00e0pid empat de Nil la Grama va continuar sense millorar el joc. Emili va posar per davant al seu equip en el segon quart per\u00f2 el rival va reaccionar amb l&#8217;empat. Despr\u00e9s del 2-2 els colomencs es van fer els amos del partit, remuntant i marxant del marcador fins a un 2-6 amb gols de Nil per partida doble, \u00cdker i Guillem.<\/p>\n<p><a href=\"http:\/\/fegrama.cat\/web\/wp-content\/uploads\/2016\/10\/alevE.jpg\"><img loading=\"lazy\" decoding=\"async\" class=\"aligncenter\" alt=\"alevE\" src=\"http:\/\/fegrama.cat\/web\/wp-content\/uploads\/2016\/10\/alevE.jpg\" width=\"634\" height=\"433\" \/><\/a><\/p>\n<p>El Alev\u00edn E sum\u00f3 una victoria por 3-6 ante el CF Alzamora B.<\/p>\n<p>Empezaron dormidos los jugadores azules que encajaron pronto el primer gol del choque, y pese al r\u00e1pido empate de Nil la Grama siguieron sin mejorar el juego. Emili puso por delante a su equipo en el segundo cuarto pero el rival reaccion\u00f3 con el empate. Tras el 2-2 los colomenses se hicieron los due\u00f1os del partido, remontando y march\u00e1ndose del marcador hasta un 2-6 con goles de Nil por partida doble, \u00cdker y Guillem.<\/p>\n","protected":false},"excerpt":{"rendered":"<p>L&#8217;Alev\u00ed E va sumar una vict\u00f2ria per 3-6 davant el CF Alzamora B. Van comen\u00e7ar adormits els jugadors blaus que van encaixar aviat el primer gol del xoc, i malgrat el r\u00e0pid empat de Nil la Grama va continuar sense millorar el joc. Emili va posar per davant al seu equip en el segon quart [&hellip;]<\/p>\n","protected":false},"author":1,"featured_media":17844,"comment_status":"closed","ping_status":"closed","sticky":false,"template":"","format":"standard","meta":{"footnotes":""},"categories":[10,4],"tags":[],"class_list":["post-20578","post","type-post","status-publish","format-standard","has-post-thumbnail","hentry","category-alevins","category-base-inclusiu"],"_links":{"self":[{"href":"http:\/\/fegrama.cat\/web\/wp-json\/wp\/v2\/posts\/20578","targetHints":{"allow":["GET"]}}],"collection":[{"href":"http:\/\/fegrama.cat\/web\/wp-json\/wp\/v2\/posts"}],"about":[{"href":"http:\/\/fegrama.cat\/web\/wp-json\/wp\/v2\/types\/post"}],"author":[{"embeddable":true,"href":"http:\/\/fegrama.cat\/web\/wp-json\/wp\/v2\/users\/1"}],"replies":[{"embeddable":true,"href":"http:\/\/fegrama.cat\/web\/wp-json\/wp\/v2\/comments?post=20578"}],"version-history":[{"count":1,"href":"http:\/\/fegrama.cat\/web\/wp-json\/wp\/v2\/posts\/20578\/revisions"}],"predecessor-version":[{"id":20579,"href":"http:\/\/fegrama.cat\/web\/wp-json\/wp\/v2\/posts\/20578\/revisions\/20579"}],"wp:featuredmedia":[{"embeddable":true,"href":"http:\/\/fegrama.cat\/web\/wp-json\/wp\/v2\/media\/17844"}],"wp:attachment":[{"href":"http:\/\/fegrama.cat\/web\/wp-json\/wp\/v2\/media?parent=20578"}],"wp:term":[{"taxonomy":"category","embeddable":true,"href":"http:\/\/fegrama.cat\/web\/wp-json\/wp\/v2\/categories?post=20578"},{"taxonomy":"post_tag","embeddable":true,"href":"http:\/\/fegrama.cat\/web\/wp-json\/wp\/v2\/tags?post=20578"}],"curies":[{"name":"wp","href":"https:\/\/api.w.org\/{rel}","templated":true}]}}