{"id":20576,"date":"2017-04-23T16:07:26","date_gmt":"2017-04-23T15:07:26","guid":{"rendered":"http:\/\/fegrama.cat\/web\/?p=20576"},"modified":"2017-04-23T16:07:26","modified_gmt":"2017-04-23T15:07:26","slug":"lalevi-g-va-empatar-al-camp-del-sise-classificat","status":"publish","type":"post","link":"http:\/\/fegrama.cat\/web\/lalevi-g-va-empatar-al-camp-del-sise-classificat\/","title":{"rendered":"L&#8217;Alev\u00ed G va empatar al camp del sis\u00e8 classificat"},"content":{"rendered":"<p>Empat dolor\u00f3s per a l&#8217;Alev\u00ed G que va encaixar el 2-2 del CE Pubilla Casas B en el descompte.<\/p>\n<p>L&#8217;equip visitant colpejaria primer, avan\u00e7ant-se al marcador per\u00f2 els colomencs van saber refer-se al 1-0 i donar-li la volta al marcador. Isaac amb un gran xut des de fora de l&#8217;\u00e0rea va empatar i H\u00e9ctor va fer el segon del seu equip. El gran treball de la Grama es veuria truncat en l&#8217;\u00faltim minut despr\u00e9s d&#8217;una jugada una mica rara del Pubilla que acabaria en gol.<\/p>\n<div><a href=\"http:\/\/fegrama.cat\/web\/wp-content\/uploads\/2016\/11\/AG.jpg\"><img loading=\"lazy\" decoding=\"async\" class=\"aligncenter\" alt=\"AG\" src=\"http:\/\/fegrama.cat\/web\/wp-content\/uploads\/2016\/11\/AG.jpg\" width=\"550\" height=\"354\" \/><\/a><strong><\/strong><\/div>\n<div><\/div>\n<div>Empate doloroso para el Alev\u00edn G que encaj\u00f3 el 2-2 del CE Pubilla Casas B en el descuento.<\/div>\n<div><\/div>\n<div>El equipo visitante golpear\u00eda primero, adelant\u00e1ndose en el marcador pero los colomenses supieron reponerse al 1-0 y darle la vuelta al marcador. Isaac con un gran chut desde fuera del \u00e1rea empat\u00f3 y H\u00e9ctor hizo el segundo de su equipo. El gran trabajo de la Grama se ver\u00eda truncado en el \u00faltimo minuto despu\u00e9s de una jugada un tanto rara del Pubilla que acabar\u00eda en gol.<\/div>\n","protected":false},"excerpt":{"rendered":"<p>Empat dolor\u00f3s per a l&#8217;Alev\u00ed G que va encaixar el 2-2 del CE Pubilla Casas B en el descompte. L&#8217;equip visitant colpejaria primer, avan\u00e7ant-se al marcador per\u00f2 els colomencs van saber refer-se al 1-0 i donar-li la volta al marcador. Isaac amb un gran xut des de fora de l&#8217;\u00e0rea va empatar i H\u00e9ctor va [&hellip;]<\/p>\n","protected":false},"author":1,"featured_media":0,"comment_status":"closed","ping_status":"closed","sticky":false,"template":"","format":"standard","meta":{"footnotes":""},"categories":[10,4],"tags":[],"class_list":["post-20576","post","type-post","status-publish","format-standard","hentry","category-alevins","category-base-inclusiu"],"_links":{"self":[{"href":"http:\/\/fegrama.cat\/web\/wp-json\/wp\/v2\/posts\/20576","targetHints":{"allow":["GET"]}}],"collection":[{"href":"http:\/\/fegrama.cat\/web\/wp-json\/wp\/v2\/posts"}],"about":[{"href":"http:\/\/fegrama.cat\/web\/wp-json\/wp\/v2\/types\/post"}],"author":[{"embeddable":true,"href":"http:\/\/fegrama.cat\/web\/wp-json\/wp\/v2\/users\/1"}],"replies":[{"embeddable":true,"href":"http:\/\/fegrama.cat\/web\/wp-json\/wp\/v2\/comments?post=20576"}],"version-history":[{"count":1,"href":"http:\/\/fegrama.cat\/web\/wp-json\/wp\/v2\/posts\/20576\/revisions"}],"predecessor-version":[{"id":20577,"href":"http:\/\/fegrama.cat\/web\/wp-json\/wp\/v2\/posts\/20576\/revisions\/20577"}],"wp:attachment":[{"href":"http:\/\/fegrama.cat\/web\/wp-json\/wp\/v2\/media?parent=20576"}],"wp:term":[{"taxonomy":"category","embeddable":true,"href":"http:\/\/fegrama.cat\/web\/wp-json\/wp\/v2\/categories?post=20576"},{"taxonomy":"post_tag","embeddable":true,"href":"http:\/\/fegrama.cat\/web\/wp-json\/wp\/v2\/tags?post=20576"}],"curies":[{"name":"wp","href":"https:\/\/api.w.org\/{rel}","templated":true}]}}