{"id":20570,"date":"2017-04-23T15:33:54","date_gmt":"2017-04-23T14:33:54","guid":{"rendered":"http:\/\/fegrama.cat\/web\/?p=20570"},"modified":"2017-04-23T15:33:54","modified_gmt":"2017-04-23T14:33:54","slug":"remuntada-epica-a-cirera","status":"publish","type":"post","link":"http:\/\/fegrama.cat\/web\/remuntada-epica-a-cirera\/","title":{"rendered":"Remuntada \u00e8pica a Cirera"},"content":{"rendered":"<p><a href=\"http:\/\/fegrama.cat\/web\/wp-content\/uploads\/2017\/04\/cirerafegrama.jpg\"><img loading=\"lazy\" decoding=\"async\" class=\"aligncenter  wp-image-20571\" alt=\"cirerafegrama\" src=\"http:\/\/fegrama.cat\/web\/wp-content\/uploads\/2017\/04\/cirerafegrama.jpg\" width=\"560\" height=\"420\" srcset=\"http:\/\/fegrama.cat\/web\/wp-content\/uploads\/2017\/04\/cirerafegrama.jpg 800w, http:\/\/fegrama.cat\/web\/wp-content\/uploads\/2017\/04\/cirerafegrama-300x225.jpg 300w\" sizes=\"auto, (max-width: 560px) 100vw, 560px\" \/><\/a><\/p>\n<p>Amb cor, lluita i un home menys el Primer Equip va aconseguir una important vict\u00f2ria a Matar\u00f3. Van haver de remuntar per endur-se tres punts que els mantenen l\u00edders de la lliga amb encara dos punts d&#8217;avantatge sobre el Matar\u00f3. Un ajustat<strong> 1-2<\/strong> que va fer just\u00edcia\u00a0al que es va veure sobre el terreny de joc.<\/p>\n<p>Va comen\u00e7ar molt b\u00e9 la Grama, intensa i buscant l&#8217;\u00e0rea contr\u00e0ria, tenint la primera oportunitat de gol al primer minut amb Sorbas de protagonista i el porter rival salvant el 0-1. Tot i la bona arrencada el partit a poc a poc es va igualar, el que acabaria portant a veure una primera meitat molt igualada i amb poques oportunitats de gol.<\/p>\n<p>Una rematada de cap alta del Cirera o un intent desviat d&#8217;Omar van ser les ocasions destacades, la resta: pilotes en llarg i molta pressi\u00f3. El pas per vestidors\u00a0li va anar b\u00e9 a l&#8217;equip blau que de nou va saltar al terreny de joc manant i espantant, un bon centre a l&#8217;\u00e0rea\u00a0seria rematat de cap per Crist\u00f3bal per\u00f2 el pal es va interposar en el seu cam\u00ed evitant el gol.<\/p>\n<p><a href=\"http:\/\/fegrama.cat\/web\/wp-content\/uploads\/2017\/04\/CIMG4950.jpg\"><img loading=\"lazy\" decoding=\"async\" class=\"aligncenter  wp-image-20573\" alt=\"CIMG4950\" src=\"http:\/\/fegrama.cat\/web\/wp-content\/uploads\/2017\/04\/CIMG4950.jpg\" width=\"560\" height=\"420\" srcset=\"http:\/\/fegrama.cat\/web\/wp-content\/uploads\/2017\/04\/CIMG4950.jpg 800w, http:\/\/fegrama.cat\/web\/wp-content\/uploads\/2017\/04\/CIMG4950-300x225.jpg 300w\" sizes=\"auto, (max-width: 560px) 100vw, 560px\" \/><\/a><\/p>\n<p>Els colomencs estaven sent millors, tenien la pilota i buscaven el gol per\u00f2 el Cirera va sorprendre a pilota parada. En una falta molt llunyana la pilota acabaria colant-se per la porteria de Pau amb l&#8217;ajuda del pal (65&#8242;). La reacci\u00f3 al gol va ser immediata des de la banqueta, Dani Andreu realitzava un triple canvi per bolcar-se en atac i posar un 3-4-3 sobre el camp.<\/p>\n<p>Per sota en el marcador i buscant l&#8217;empat, dominant tota la segona meitat davant un equip que es defensava i nom\u00e9s aconseguia crear perill a pilota aturada. La mala sort es va acarnissar amb Peque que va entrar com a revulsiu i es va lesionar, el jugador no va poder continuar en el camp i la Grama va haver de tirar d&#8217;\u00e8pica per remuntar amb un home menys al no poder fer m\u00e9s canvis.<\/p>\n<p>Al minut 78 Charly de volea agafaria un rebuig per marcar l&#8217;empat. Van passar els minuts i el partit canviaria en pocs minuts, el Cirera va tenir el segon per\u00f2 una gran aturada de Pau va evitar un gol cantat i despr\u00e9s arribaria un contraatac letal. Charly perllongaria de cap i Lamin va definir de vaselina davant la sortida del porter. Era el minut 89 i el descompte es passaria volant, tres punts molt merescuts i lluitats.<\/p>\n<figure id=\"attachment_20572\" aria-describedby=\"caption-attachment-20572\" style=\"width: 685px\" class=\"wp-caption aligncenter\"><a href=\"http:\/\/fegrama.cat\/web\/wp-content\/uploads\/2017\/04\/TOP5-2cat2.jpg\"><img loading=\"lazy\" decoding=\"async\" class=\"size-full wp-image-20572\" alt=\"TOP5 2cat2\" src=\"http:\/\/fegrama.cat\/web\/wp-content\/uploads\/2017\/04\/TOP5-2cat2.jpg\" width=\"685\" height=\"162\" \/><\/a><figcaption id=\"caption-attachment-20572\" class=\"wp-caption-text\"><strong>TOP-5, Segona Catalana (G2)<\/strong><\/figcaption><\/figure>\n<p>Con coraz\u00f3n, lucha y un hombre menos el Primer Equipo consigui\u00f3 una importante victoria en Matar\u00f3. Tuvieron que remontar para llevarse tres puntos que les mantienen l\u00edderes de la liga con todav\u00eda dos puntos de ventaja sobre el Matar\u00f3. Un ajustado 1-2 que hizo justicia a lo que se vio sobre el terreno de juego.<\/p>\n<p>Empez\u00f3 muy bien la Grama, intensa y buscando el \u00e1rea contraria, teniendo la primera oportunidad de gol en el primer minuto con Sorbas de protagonista y el portero rival salvando el 0-1. Pese al buen arranque el partido poco a poco se igual\u00f3, lo que acabar\u00eda llevando a ver una primera mitad muy igualada y con pocas oportunidades de gol.<\/p>\n<p>Un remate de cabeza alto del Cirera o un intento desviado de Omar fueron las ocasiones destacadas, lo dem\u00e1s: balones en largo y mucha presi\u00f3n. El paso por vestuarios sent\u00f3 bien al equipo azul que de nuevo salt\u00f3 al terreno de juego mandando y asustando, un buen centro al \u00e1rea ser\u00eda rematado de cabeza por Crist\u00f3bal pero el palo se interpuso en su camino evitando el gol.<\/p>\n<p><a href=\"http:\/\/fegrama.cat\/web\/wp-content\/uploads\/2017\/04\/CIMG4950.jpg\"><img loading=\"lazy\" decoding=\"async\" class=\"aligncenter\" alt=\"CIMG4950\" src=\"http:\/\/fegrama.cat\/web\/wp-content\/uploads\/2017\/04\/CIMG4950.jpg\" width=\"560\" height=\"420\" \/><\/a><\/p>\n<p>Los colomenses estaban siendo mejores, ten\u00edan la pelota y buscaban el gol pero el Cirera sorprendi\u00f3 a bal\u00f3n parado. En una falta muy lejana el bal\u00f3n acabar\u00eda col\u00e1ndose por la porter\u00eda de Pau con la ayuda del palo (65&#8242;). La reacci\u00f3n al gol fue inmediata desde el banquillo, Dani Andreu realizaba un triple cambio para volcarse en ataque y poner un 3-4-3 sobre el campo.<\/p>\n<p>Por debajo en el marcador y buscando el empate, dominando toda la segunda mitad ante un equipo que se defend\u00eda y solamente consegu\u00eda crear peligro a bal\u00f3n parado. La mala suerte se ceb\u00f3 con Peque que entr\u00f3 como revulsivo y se lesion\u00f3, el jugador no pudo continuar en el campo y la Grama tuvo que tirar de \u00e9pica para remontar con un hombre menos al no poder hacer m\u00e1s cambios.<\/p>\n<p>En el minuto 78 Charly de volea pillar\u00eda un rechace para marcar el empate. Pasaron los minutos y el partido cambiar\u00eda en pocos minutos, el Cirera tuvo el segundo pero un parad\u00f3n de Pau evit\u00f3 un gol cantado y despu\u00e9s llegar\u00eda un contraataque letal. Charly prolongar\u00eda de cabeza y Lamin defini\u00f3 de vaselina ante la salida del portero. Era el minuto 89 y el descuento se pasar\u00eda volando, tres puntos muy merecidos y luchados.<\/p>\n","protected":false},"excerpt":{"rendered":"<p>Amb cor, lluita i un home menys el Primer Equip va aconseguir una important vict\u00f2ria a Matar\u00f3. Van haver de remuntar per endur-se tres punts que els mantenen l\u00edders de la lliga amb encara dos punts d&#8217;avantatge sobre el Matar\u00f3. Un ajustat 1-2 que va fer just\u00edcia\u00a0al que es va veure sobre el terreny de [&hellip;]<\/p>\n","protected":false},"author":1,"featured_media":20571,"comment_status":"closed","ping_status":"closed","sticky":false,"template":"","format":"standard","meta":{"footnotes":""},"categories":[4,5],"tags":[358,24,1107],"class_list":["post-20570","post","type-post","status-publish","format-standard","has-post-thumbnail","hentry","category-base-inclusiu","category-primer-equip","tag-cirera","tag-fundacio-esportiva-grama","tag-segunda-catalana"],"_links":{"self":[{"href":"http:\/\/fegrama.cat\/web\/wp-json\/wp\/v2\/posts\/20570","targetHints":{"allow":["GET"]}}],"collection":[{"href":"http:\/\/fegrama.cat\/web\/wp-json\/wp\/v2\/posts"}],"about":[{"href":"http:\/\/fegrama.cat\/web\/wp-json\/wp\/v2\/types\/post"}],"author":[{"embeddable":true,"href":"http:\/\/fegrama.cat\/web\/wp-json\/wp\/v2\/users\/1"}],"replies":[{"embeddable":true,"href":"http:\/\/fegrama.cat\/web\/wp-json\/wp\/v2\/comments?post=20570"}],"version-history":[{"count":1,"href":"http:\/\/fegrama.cat\/web\/wp-json\/wp\/v2\/posts\/20570\/revisions"}],"predecessor-version":[{"id":20574,"href":"http:\/\/fegrama.cat\/web\/wp-json\/wp\/v2\/posts\/20570\/revisions\/20574"}],"wp:featuredmedia":[{"embeddable":true,"href":"http:\/\/fegrama.cat\/web\/wp-json\/wp\/v2\/media\/20571"}],"wp:attachment":[{"href":"http:\/\/fegrama.cat\/web\/wp-json\/wp\/v2\/media?parent=20570"}],"wp:term":[{"taxonomy":"category","embeddable":true,"href":"http:\/\/fegrama.cat\/web\/wp-json\/wp\/v2\/categories?post=20570"},{"taxonomy":"post_tag","embeddable":true,"href":"http:\/\/fegrama.cat\/web\/wp-json\/wp\/v2\/tags?post=20570"}],"curies":[{"name":"wp","href":"https:\/\/api.w.org\/{rel}","templated":true}]}}