{"id":20533,"date":"2017-04-20T17:52:25","date_gmt":"2017-04-20T16:52:25","guid":{"rendered":"http:\/\/fegrama.cat\/web\/?p=20533"},"modified":"2017-04-20T17:52:25","modified_gmt":"2017-04-20T16:52:25","slug":"previes-dels-equips-cadets-22-i-23-dabril","status":"publish","type":"post","link":"http:\/\/fegrama.cat\/web\/previes-dels-equips-cadets-22-i-23-dabril\/","title":{"rendered":"Pr\u00e8vies dels equips Cadets (22 i 23 d\u2019abril)"},"content":{"rendered":"<p><a href=\"http:\/\/fegrama.cat\/web\/wp-content\/uploads\/2016\/11\/CB.jpg\"><img loading=\"lazy\" decoding=\"async\" class=\"aligncenter\" alt=\"CB\" src=\"http:\/\/fegrama.cat\/web\/wp-content\/uploads\/2016\/11\/CB.jpg\" width=\"624\" height=\"494\" \/><\/a><strong>CADET B<\/strong><\/p>\n<p>El conjunt d&#8217;Oscar P\u00e9rez jugar\u00e0 a La Verneda el diumenge a les 09 hores. Els locals, Fund.Priv.CE J\u00fapiter C, es troben a la meitat de taula i s\u00f3n un rival perill\u00f3s.<\/p>\n<p>El conjunto de Oscar P\u00e9rez jugar\u00e1 en La Verneda el domingo a las 09 horas. Los locales, Fund.Priv.CE J\u00fapiter C, se encuentran en mitad de tabla y son un rival peligroso.<\/p>\n<div><a href=\"http:\/\/fegrama.cat\/web\/wp-content\/uploads\/2016\/10\/cadC.jpg\"><img loading=\"lazy\" decoding=\"async\" class=\"aligncenter\" alt=\"cadC\" src=\"http:\/\/fegrama.cat\/web\/wp-content\/uploads\/2016\/10\/cadC.jpg\" width=\"672\" height=\"504\" \/><\/a><strong><\/strong><\/div>\n<div><\/div>\n<div><strong>CADET C<\/strong><\/div>\n<p>L&#8217;equip de Luis Maria Hernando i Ram\u00f3n Dom\u00ednguez juga diumenge a les 18 hores al Municipal Menorca-St.Mart\u00ed Proven\u00e7als. El conjunt local, UE Celtic, tot i estar a la part baixa de la classificaci\u00f3 acumula tres vict\u00f2ries consecutives.<\/p>\n<p>El equipo de Luis Maria Hernando\u00a0y\u00a0Ram\u00f3n Dom\u00ednguez juega el domingo a las 18 horas en el Municipal Menorca-St.Mart\u00ed Proven\u00e7als. El conjunto local, UE Celtic, a pesar de estar en la parte baja de la clasificaci\u00f3n acumula tres victorias consecutivas.<\/p>\n<p><a href=\"http:\/\/fegrama.cat\/web\/wp-content\/uploads\/2017\/01\/CD.jpg\"><img loading=\"lazy\" decoding=\"async\" class=\"aligncenter\" alt=\"CD\" src=\"http:\/\/fegrama.cat\/web\/wp-content\/uploads\/2017\/01\/CD.jpg\" width=\"640\" height=\"480\" \/><\/a><strong>CADET D<\/strong><\/p>\n<p>L&#8217;equip de Luis Cort\u00e9s i Musin Chana juga dissabte a les 16:20 hores al Nou Municipal. El seu rival ser\u00e0 l&#8217;EF \u00c1ngel Pedraza, equip que porta 9 partits seguits sense guanyar i est\u00e0 empatat a punts amb el pen\u00faltim.<\/p>\n<p>El equipo de Luis Cort\u00e9s y Musin Chana juega el s\u00e1bado a las 16:20 horas en el Nou Municipal. Su rival ser\u00e1 la EF \u00c1ngel Pedraza, equipo que lleva 9 partidos seguidos sin ganar y est\u00e1 empatado a puntos con el pen\u00faltimo.<\/p>\n","protected":false},"excerpt":{"rendered":"<p>CADET B El conjunt d&#8217;Oscar P\u00e9rez jugar\u00e0 a La Verneda el diumenge a les 09 hores. Els locals, Fund.Priv.CE J\u00fapiter C, es troben a la meitat de taula i s\u00f3n un rival perill\u00f3s. El conjunto de Oscar P\u00e9rez jugar\u00e1 en La Verneda el domingo a las 09 horas. Los locales, Fund.Priv.CE J\u00fapiter C, se encuentran [&hellip;]<\/p>\n","protected":false},"author":1,"featured_media":5639,"comment_status":"closed","ping_status":"closed","sticky":false,"template":"","format":"standard","meta":{"footnotes":""},"categories":[4,7],"tags":[24,166],"class_list":["post-20533","post","type-post","status-publish","format-standard","has-post-thumbnail","hentry","category-base-inclusiu","category-cadets","tag-fundacio-esportiva-grama","tag-nou-municipal-de-santa-coloma-de-gramenet"],"_links":{"self":[{"href":"http:\/\/fegrama.cat\/web\/wp-json\/wp\/v2\/posts\/20533","targetHints":{"allow":["GET"]}}],"collection":[{"href":"http:\/\/fegrama.cat\/web\/wp-json\/wp\/v2\/posts"}],"about":[{"href":"http:\/\/fegrama.cat\/web\/wp-json\/wp\/v2\/types\/post"}],"author":[{"embeddable":true,"href":"http:\/\/fegrama.cat\/web\/wp-json\/wp\/v2\/users\/1"}],"replies":[{"embeddable":true,"href":"http:\/\/fegrama.cat\/web\/wp-json\/wp\/v2\/comments?post=20533"}],"version-history":[{"count":1,"href":"http:\/\/fegrama.cat\/web\/wp-json\/wp\/v2\/posts\/20533\/revisions"}],"predecessor-version":[{"id":20534,"href":"http:\/\/fegrama.cat\/web\/wp-json\/wp\/v2\/posts\/20533\/revisions\/20534"}],"wp:featuredmedia":[{"embeddable":true,"href":"http:\/\/fegrama.cat\/web\/wp-json\/wp\/v2\/media\/5639"}],"wp:attachment":[{"href":"http:\/\/fegrama.cat\/web\/wp-json\/wp\/v2\/media?parent=20533"}],"wp:term":[{"taxonomy":"category","embeddable":true,"href":"http:\/\/fegrama.cat\/web\/wp-json\/wp\/v2\/categories?post=20533"},{"taxonomy":"post_tag","embeddable":true,"href":"http:\/\/fegrama.cat\/web\/wp-json\/wp\/v2\/tags?post=20533"}],"curies":[{"name":"wp","href":"https:\/\/api.w.org\/{rel}","templated":true}]}}