{"id":20522,"date":"2017-04-20T17:54:34","date_gmt":"2017-04-20T16:54:34","guid":{"rendered":"http:\/\/fegrama.cat\/web\/?p=20522"},"modified":"2017-04-20T17:54:34","modified_gmt":"2017-04-20T16:54:34","slug":"torna-la-lliga-important-guanyar-a-mataro","status":"publish","type":"post","link":"http:\/\/fegrama.cat\/web\/torna-la-lliga-important-guanyar-a-mataro\/","title":{"rendered":"Torna la lliga, important guanyar a Matar\u00f3"},"content":{"rendered":"<p>Torna la lliga i el nostre <strong>Primer Equip<\/strong> necessita sumar tres punts per mantenir-se una jornada m\u00e9s en el primer lloc de la classificaci\u00f3. Aquesta setmana s&#8217;enfrontaran a un rival instal\u00b7lat a la part baixa, escapant dels llocs de descens.<\/p>\n<p style=\"text-align: center;\"><strong>Diumenge a les 12 hores a Matar\u00f3.<\/strong><\/p>\n<p>La <strong>UD Cirera<\/strong> es troba un punt per sobre del descens i acumula cinc jornades consecutives sense guanyar. En el partit jugat a la primera volta van sucumbir 3-0 per\u00f2 cal tenir en compte que \u00e9s un equip que ha sumat quasi tots els seus punts a casa<em> (21 dels 30 que porten)<\/em>. En aquest equip es troba Aleix Tarr\u00e9s, segon pitxitxi de la lliga amb 18 gols (3 menys que el primer).<\/p>\n<p><a href=\"http:\/\/fegrama.cat\/web\/wp-content\/uploads\/2017\/04\/fegfcmb.jpg\"><img loading=\"lazy\" decoding=\"async\" class=\"aligncenter  wp-image-20445\" alt=\"fegfcmb\" src=\"http:\/\/fegrama.cat\/web\/wp-content\/uploads\/2017\/04\/fegfcmb.jpg\" width=\"560\" height=\"420\" srcset=\"http:\/\/fegrama.cat\/web\/wp-content\/uploads\/2017\/04\/fegfcmb.jpg 800w, http:\/\/fegrama.cat\/web\/wp-content\/uploads\/2017\/04\/fegfcmb-300x225.jpg 300w\" sizes=\"auto, (max-width: 560px) 100vw, 560px\" \/><\/a><\/p>\n<p>Vuelve la liga y nuestro <strong>Primer Equipo<\/strong> necesita sumar tres puntos para mantenerse una jornada m\u00e1s en el primer puesto de la clasificaci\u00f3n. Esta semana se enfrentar\u00e1n a un rival instalado en la parte baja, escapando de los puestos de descenso.<\/p>\n<p style=\"text-align: center;\"><strong>El domingo a las 12 horas en Matar\u00f3.<\/strong><\/p>\n<p style=\"text-align: left;\">La<strong> UD Cirera<\/strong> se encuentra un punto por encima del descenso y acumula cinco jornadas consecutivas sin ganar. En el partido jugado en la primera vuelta sucumbieron 3-0 pero hay que tener en cuenta que es un equipo que ha sumado casi todos sus puntos en casa <em>(21 de los 30 que llevan)<\/em>. En este equipo se encuentra Aleix Tarr\u00e9s, segundo pichichi de la liga con 18 goles (3 menos que el primero).<\/p>\n","protected":false},"excerpt":{"rendered":"<p>Torna la lliga i el nostre Primer Equip necessita sumar tres punts per mantenir-se una jornada m\u00e9s en el primer lloc de la classificaci\u00f3. Aquesta setmana s&#8217;enfrontaran a un rival instal\u00b7lat a la part baixa, escapant dels llocs de descens. Diumenge a les 12 hores a Matar\u00f3. La UD Cirera es troba un punt per [&hellip;]<\/p>\n","protected":false},"author":1,"featured_media":20356,"comment_status":"closed","ping_status":"closed","sticky":false,"template":"","format":"standard","meta":{"footnotes":""},"categories":[4,5],"tags":[358,24,1107],"class_list":["post-20522","post","type-post","status-publish","format-standard","has-post-thumbnail","hentry","category-base-inclusiu","category-primer-equip","tag-cirera","tag-fundacio-esportiva-grama","tag-segunda-catalana"],"_links":{"self":[{"href":"http:\/\/fegrama.cat\/web\/wp-json\/wp\/v2\/posts\/20522","targetHints":{"allow":["GET"]}}],"collection":[{"href":"http:\/\/fegrama.cat\/web\/wp-json\/wp\/v2\/posts"}],"about":[{"href":"http:\/\/fegrama.cat\/web\/wp-json\/wp\/v2\/types\/post"}],"author":[{"embeddable":true,"href":"http:\/\/fegrama.cat\/web\/wp-json\/wp\/v2\/users\/1"}],"replies":[{"embeddable":true,"href":"http:\/\/fegrama.cat\/web\/wp-json\/wp\/v2\/comments?post=20522"}],"version-history":[{"count":2,"href":"http:\/\/fegrama.cat\/web\/wp-json\/wp\/v2\/posts\/20522\/revisions"}],"predecessor-version":[{"id":20535,"href":"http:\/\/fegrama.cat\/web\/wp-json\/wp\/v2\/posts\/20522\/revisions\/20535"}],"wp:featuredmedia":[{"embeddable":true,"href":"http:\/\/fegrama.cat\/web\/wp-json\/wp\/v2\/media\/20356"}],"wp:attachment":[{"href":"http:\/\/fegrama.cat\/web\/wp-json\/wp\/v2\/media?parent=20522"}],"wp:term":[{"taxonomy":"category","embeddable":true,"href":"http:\/\/fegrama.cat\/web\/wp-json\/wp\/v2\/categories?post=20522"},{"taxonomy":"post_tag","embeddable":true,"href":"http:\/\/fegrama.cat\/web\/wp-json\/wp\/v2\/tags?post=20522"}],"curies":[{"name":"wp","href":"https:\/\/api.w.org\/{rel}","templated":true}]}}