{"id":20482,"date":"2017-04-10T08:50:57","date_gmt":"2017-04-10T07:50:57","guid":{"rendered":"http:\/\/fegrama.cat\/web\/?p=20482"},"modified":"2017-04-10T10:03:21","modified_gmt":"2017-04-10T09:03:21","slug":"golejada-de-lalevi-f-al-barcelona-dragons","status":"publish","type":"post","link":"http:\/\/fegrama.cat\/web\/golejada-de-lalevi-f-al-barcelona-dragons\/","title":{"rendered":"Golejada de l&#8217;Alev\u00ed F al Barcelona Dragons"},"content":{"rendered":"<p>L&#8217;Alev\u00ed F va guanyar 6-1 al Barcelona Dragons B.<\/p>\n<p>Molt mala primera part en qu\u00e8 el millor va ser el resultat, ja que la Grama va aconseguir posar-se per davant, per\u00f2 estaven jugant bastant malament. A la mitja part els colomencs van entrar molt millor, trobant espais per dins i per fora, amb un joc m\u00e9s fluid van aconseguir m\u00e9s gols.<\/p>\n<p>No va ser el millor partit de l&#8217;equip per\u00f2 els tres punts es van quedar a casa, sens dubte el m\u00e9s important.<\/p>\n<div>\n<div>\n<div><a href=\"http:\/\/fegrama.cat\/web\/wp-content\/uploads\/2016\/11\/AF.jpg\"><img loading=\"lazy\" decoding=\"async\" class=\"aligncenter\" alt=\"AF\" src=\"http:\/\/fegrama.cat\/web\/wp-content\/uploads\/2016\/11\/AF.jpg\" width=\"560\" height=\"470\" \/><\/a><strong><\/strong><\/div>\n<\/div>\n<div><\/div>\n<div>El Alev\u00edn F gan\u00f3 6-1 al Barcelona Dragons B.<\/div>\n<div><\/div>\n<div>Muy mala primera parte en la que lo mejor fue el resultado, ya que la Grama consigui\u00f3 ponerse por delante, pero estaban jugando bastante mal. A la media parte los colomenses entraron mucho mejor, encontrando espacios por dentro y por fuera, con un juego m\u00e1s fluido consiguieron m\u00e1s goles.<\/div>\n<div><\/div>\n<div>No fue el mejor partido del equipo pero los tres puntos se quedaron en casa, sin duda lo m\u00e1s importante.<\/div>\n<\/div>\n","protected":false},"excerpt":{"rendered":"<p>L&#8217;Alev\u00ed F va guanyar 6-1 al Barcelona Dragons B. Molt mala primera part en qu\u00e8 el millor va ser el resultat, ja que la Grama va aconseguir posar-se per davant, per\u00f2 estaven jugant bastant malament. A la mitja part els colomencs van entrar molt millor, trobant espais per dins i per fora, amb un joc [&hellip;]<\/p>\n","protected":false},"author":1,"featured_media":18436,"comment_status":"closed","ping_status":"closed","sticky":false,"template":"","format":"standard","meta":{"footnotes":""},"categories":[10,4],"tags":[24,55],"class_list":["post-20482","post","type-post","status-publish","format-standard","has-post-thumbnail","hentry","category-alevins","category-base-inclusiu","tag-fundacio-esportiva-grama","tag-nou-municipal-de-santa-coloma"],"_links":{"self":[{"href":"http:\/\/fegrama.cat\/web\/wp-json\/wp\/v2\/posts\/20482","targetHints":{"allow":["GET"]}}],"collection":[{"href":"http:\/\/fegrama.cat\/web\/wp-json\/wp\/v2\/posts"}],"about":[{"href":"http:\/\/fegrama.cat\/web\/wp-json\/wp\/v2\/types\/post"}],"author":[{"embeddable":true,"href":"http:\/\/fegrama.cat\/web\/wp-json\/wp\/v2\/users\/1"}],"replies":[{"embeddable":true,"href":"http:\/\/fegrama.cat\/web\/wp-json\/wp\/v2\/comments?post=20482"}],"version-history":[{"count":1,"href":"http:\/\/fegrama.cat\/web\/wp-json\/wp\/v2\/posts\/20482\/revisions"}],"predecessor-version":[{"id":20483,"href":"http:\/\/fegrama.cat\/web\/wp-json\/wp\/v2\/posts\/20482\/revisions\/20483"}],"wp:featuredmedia":[{"embeddable":true,"href":"http:\/\/fegrama.cat\/web\/wp-json\/wp\/v2\/media\/18436"}],"wp:attachment":[{"href":"http:\/\/fegrama.cat\/web\/wp-json\/wp\/v2\/media?parent=20482"}],"wp:term":[{"taxonomy":"category","embeddable":true,"href":"http:\/\/fegrama.cat\/web\/wp-json\/wp\/v2\/categories?post=20482"},{"taxonomy":"post_tag","embeddable":true,"href":"http:\/\/fegrama.cat\/web\/wp-json\/wp\/v2\/tags?post=20482"}],"curies":[{"name":"wp","href":"https:\/\/api.w.org\/{rel}","templated":true}]}}