{"id":20471,"date":"2017-04-10T09:22:13","date_gmt":"2017-04-10T08:22:13","guid":{"rendered":"http:\/\/fegrama.cat\/web\/?p=20471"},"modified":"2017-04-10T09:22:13","modified_gmt":"2017-04-10T08:22:13","slug":"lalevi-c-va-caure-5-6-a-casa","status":"publish","type":"post","link":"http:\/\/fegrama.cat\/web\/lalevi-c-va-caure-5-6-a-casa\/","title":{"rendered":"L&#8217;Alev\u00ed C va caure 5-6 a casa"},"content":{"rendered":"<p>L&#8217;Alev\u00ed C, amb nou entrenador (Adri\u00e1n M\u00e1rquez), va caure derrotat 5-6 davant el CE Sabadell FC.<\/p>\n<p>La Grama va ser efectiva davant un rival que va dominar gaireb\u00e9 tot el partit i que quan semblava abocat a la derrota va ser capa\u00e7 de donar-li la volta al marcador. Els colomencs van anar sempre per davant en el marcador, els gols d&#8217;Alberto (1-0), Mballo (2-1) i Marc (3-2) donaven sempre avantatges m\u00ednimes.<\/p>\n<p>El Sabadell sempre empatava per\u00f2 tot i tenir moltes ocasions de gol no aconseguia posar-se per davant en el marcador. Marcos i Marc van donar a la Grama un avantatge de dos gols (5-3) a falta de deu minuts per al final. Aquest bon resultat s&#8217;esfumaria en pocs minuts ja que el conjunt visitant va marcar tres gols m\u00e9s.<\/p>\n<p><img loading=\"lazy\" decoding=\"async\" class=\"aligncenter\" alt=\"IMG-20161015-WA0011\" src=\"http:\/\/fegrama.cat\/web\/wp-content\/uploads\/2016\/10\/IMG-20161015-WA0011.jpg\" width=\"717\" height=\"403\" \/><\/p>\n<p>El Alev\u00edn C, con nuevo entrenador (Adri\u00e1n M\u00e1rquez), cay\u00f3 derrotado 5-6 ante el CE Sabadell FC.<\/p>\n<p>La Grama fue efectiva ante un rival que domin\u00f3 casi todo el partido y que cuando parec\u00eda abocado a la derrota fue capaz de darle la vuelta al marcador. Los colomenses fueron siempre por delante en el marcador, los goles de Alberto (1-0), Mballo (2-1) y Marc (3-2) daban siempre ventajas m\u00ednimas.<\/p>\n<p>El Sabadell siempre empataba pero pese a tener muchas ocasiones de gol no consegu\u00eda ponerse por delante en el marcador. Marcos y Marc dieron a la Grama una ventaja de dos goles (5-3) a falta de diez minutos para el final. Ese buen resultado se esfumar\u00eda en pocos minutos ya que el conjunto visitante marc\u00f3 tres goles m\u00e1s.<\/p>\n","protected":false},"excerpt":{"rendered":"<p>L&#8217;Alev\u00ed C, amb nou entrenador (Adri\u00e1n M\u00e1rquez), va caure derrotat 5-6 davant el CE Sabadell FC. La Grama va ser efectiva davant un rival que va dominar gaireb\u00e9 tot el partit i que quan semblava abocat a la derrota va ser capa\u00e7 de donar-li la volta al marcador. Els colomencs van anar sempre per davant [&hellip;]<\/p>\n","protected":false},"author":1,"featured_media":0,"comment_status":"closed","ping_status":"closed","sticky":false,"template":"","format":"standard","meta":{"footnotes":""},"categories":[10,4],"tags":[24,55],"class_list":["post-20471","post","type-post","status-publish","format-standard","hentry","category-alevins","category-base-inclusiu","tag-fundacio-esportiva-grama","tag-nou-municipal-de-santa-coloma"],"_links":{"self":[{"href":"http:\/\/fegrama.cat\/web\/wp-json\/wp\/v2\/posts\/20471","targetHints":{"allow":["GET"]}}],"collection":[{"href":"http:\/\/fegrama.cat\/web\/wp-json\/wp\/v2\/posts"}],"about":[{"href":"http:\/\/fegrama.cat\/web\/wp-json\/wp\/v2\/types\/post"}],"author":[{"embeddable":true,"href":"http:\/\/fegrama.cat\/web\/wp-json\/wp\/v2\/users\/1"}],"replies":[{"embeddable":true,"href":"http:\/\/fegrama.cat\/web\/wp-json\/wp\/v2\/comments?post=20471"}],"version-history":[{"count":1,"href":"http:\/\/fegrama.cat\/web\/wp-json\/wp\/v2\/posts\/20471\/revisions"}],"predecessor-version":[{"id":20472,"href":"http:\/\/fegrama.cat\/web\/wp-json\/wp\/v2\/posts\/20471\/revisions\/20472"}],"wp:attachment":[{"href":"http:\/\/fegrama.cat\/web\/wp-json\/wp\/v2\/media?parent=20471"}],"wp:term":[{"taxonomy":"category","embeddable":true,"href":"http:\/\/fegrama.cat\/web\/wp-json\/wp\/v2\/categories?post=20471"},{"taxonomy":"post_tag","embeddable":true,"href":"http:\/\/fegrama.cat\/web\/wp-json\/wp\/v2\/tags?post=20471"}],"curies":[{"name":"wp","href":"https:\/\/api.w.org\/{rel}","templated":true}]}}