{"id":20469,"date":"2017-04-10T09:14:10","date_gmt":"2017-04-10T08:14:10","guid":{"rendered":"http:\/\/fegrama.cat\/web\/?p=20469"},"modified":"2017-04-10T09:14:10","modified_gmt":"2017-04-10T08:14:10","slug":"maneta-de-lalevi-d-al-municipal-pepin-valls","status":"publish","type":"post","link":"http:\/\/fegrama.cat\/web\/maneta-de-lalevi-d-al-municipal-pepin-valls\/","title":{"rendered":"Maneta de l&#8217;Alev\u00ed D al Municipal Pep\u00edn Valls"},"content":{"rendered":"<p>L&#8217;Alev\u00ed D va guanyar 2-5 a la UE Castellar B.<\/p>\n<p>Davant un rival que necessitava puntuar i que a l&#8217;anada va aconseguir un empat a Santa Coloma els nois de la Grama sabien que no havien de confiar-se per molt que s&#8217;enfrontaran al cuer. El partit va comen\u00e7ar amb dues ocasions clares per als blaus per\u00f2 sorprenentment van ser els locals els que al contraatac van marcar el primer gol del xoc.<\/p>\n<p>Abans de finalitzar el primer quart Fares i Marc S\u00e1nchez van donar la volta al marcador. A poc a poc el partit va ser dominat pels colomencs fins que Fares i Sebasti\u00e1n van allargar la dist\u00e0ncia. Castellar va aconseguir escur\u00e7ar amb un gol en una jugada a\u00efllada per\u00f2 als pocs minuts Fares tancava el xoc amb una gran jugada.<\/p>\n<p><a href=\"http:\/\/fegrama.cat\/web\/wp-content\/uploads\/2016\/11\/aleD.jpg\"><img loading=\"lazy\" decoding=\"async\" class=\"aligncenter\" alt=\"aleD\" src=\"http:\/\/fegrama.cat\/web\/wp-content\/uploads\/2016\/11\/aleD.jpg\" width=\"594\" height=\"518\" \/><\/a><strong><\/strong><\/p>\n<p>El Alev\u00edn D gan\u00f3 2-5 a la UE Castellar B.<\/p>\n<p>Ante un rival que necesitaba puntuar y que en la ida consigui\u00f3 un empate en Santa Coloma los chicos de la Grama sab\u00edan que no deb\u00edan confiarse por mucho que se enfrentar\u00e1n al colista. El partido empez\u00f3 con dos ocasiones claras para los azules pero sorprendentemente fueron los locales quienes al contraataque marcaron el primer gol del choque.<\/p>\n<p>Antes de finalizar el primer cuarto Fares y Marc S\u00e1nchez dieron la vuelta al marcador. Poco a poco el partido fue dominado por los colomenses hasta que Fares y Sebasti\u00e1n alargaron la distancia. Castellar logr\u00f3 acortar con un gol en una jugada aislada pero a los pocos minutos Fares cerraba el choque con una gran jugada.<\/p>\n","protected":false},"excerpt":{"rendered":"<p>L&#8217;Alev\u00ed D va guanyar 2-5 a la UE Castellar B. Davant un rival que necessitava puntuar i que a l&#8217;anada va aconseguir un empat a Santa Coloma els nois de la Grama sabien que no havien de confiar-se per molt que s&#8217;enfrontaran al cuer. El partit va comen\u00e7ar amb dues ocasions clares per als blaus [&hellip;]<\/p>\n","protected":false},"author":1,"featured_media":0,"comment_status":"closed","ping_status":"closed","sticky":false,"template":"","format":"standard","meta":{"footnotes":""},"categories":[10,4],"tags":[24],"class_list":["post-20469","post","type-post","status-publish","format-standard","hentry","category-alevins","category-base-inclusiu","tag-fundacio-esportiva-grama"],"_links":{"self":[{"href":"http:\/\/fegrama.cat\/web\/wp-json\/wp\/v2\/posts\/20469","targetHints":{"allow":["GET"]}}],"collection":[{"href":"http:\/\/fegrama.cat\/web\/wp-json\/wp\/v2\/posts"}],"about":[{"href":"http:\/\/fegrama.cat\/web\/wp-json\/wp\/v2\/types\/post"}],"author":[{"embeddable":true,"href":"http:\/\/fegrama.cat\/web\/wp-json\/wp\/v2\/users\/1"}],"replies":[{"embeddable":true,"href":"http:\/\/fegrama.cat\/web\/wp-json\/wp\/v2\/comments?post=20469"}],"version-history":[{"count":1,"href":"http:\/\/fegrama.cat\/web\/wp-json\/wp\/v2\/posts\/20469\/revisions"}],"predecessor-version":[{"id":20470,"href":"http:\/\/fegrama.cat\/web\/wp-json\/wp\/v2\/posts\/20469\/revisions\/20470"}],"wp:attachment":[{"href":"http:\/\/fegrama.cat\/web\/wp-json\/wp\/v2\/media?parent=20469"}],"wp:term":[{"taxonomy":"category","embeddable":true,"href":"http:\/\/fegrama.cat\/web\/wp-json\/wp\/v2\/categories?post=20469"},{"taxonomy":"post_tag","embeddable":true,"href":"http:\/\/fegrama.cat\/web\/wp-json\/wp\/v2\/tags?post=20469"}],"curies":[{"name":"wp","href":"https:\/\/api.w.org\/{rel}","templated":true}]}}