{"id":20467,"date":"2017-04-10T08:59:47","date_gmt":"2017-04-10T07:59:47","guid":{"rendered":"http:\/\/fegrama.cat\/web\/?p=20467"},"modified":"2017-04-10T08:59:47","modified_gmt":"2017-04-10T07:59:47","slug":"victoria-del-benjami-a-al-clot-de-la-mel","status":"publish","type":"post","link":"http:\/\/fegrama.cat\/web\/victoria-del-benjami-a-al-clot-de-la-mel\/","title":{"rendered":"Vict\u00f2ria del Benjam\u00ed A al Clot de la Mel"},"content":{"rendered":"<p>El Benjam\u00ed A va guanyar 2-3 al CE Vila Ol\u00edmpica C.<\/p>\n<p>Salvaci\u00f3 matem\u00e0tica per a un equip que tenia com a objectiu la salvaci\u00f3 a Primera Divisi\u00f3 per\u00f2 que estan sent capa\u00e7os de lluitar per acabar entre els 8 millors de la lliga. Un cop m\u00e9s van desplegar un bon joc en un partit on vam veure molt joc directe de tots dos equips.<\/p>\n<p>La Vila Ol\u00edmpica va aconseguir avan\u00e7ar-se al marcador i Joel va empatar, l&#8217;1-1 va ser el resultat amb el qual van marxar els jugadors a la mitja part. I despr\u00e9s del descans els gols de Joel i Alex van trencar el partit, la Grama va tenir ocasions per fer el quart per\u00f2 no va arribar. En l&#8217;\u00faltim minut els locals van pr\u00e9mer el resultat.<\/p>\n<div>\n<p><a href=\"http:\/\/fegrama.cat\/web\/wp-content\/uploads\/2016\/10\/benjA.jpg\"><img loading=\"lazy\" decoding=\"async\" class=\"aligncenter\" alt=\"benjA\" src=\"http:\/\/fegrama.cat\/web\/wp-content\/uploads\/2016\/10\/benjA.jpg\" width=\"557\" height=\"417\" \/><\/a><strong><\/strong><\/p>\n<p>El Benjam\u00edn A gan\u00f3 2-3 al CE Vila Ol\u00edmpica C.<\/p>\n<p>Salvaci\u00f3n matem\u00e1tica para un equipo que ten\u00eda como objetivo la salvaci\u00f3n en Primera Divisi\u00f3n pero que est\u00e1n siendo capaces de luchar por acabar entre los 8 mejores de la liga. Una vez m\u00e1s desplegaron un buen juego en un partido donde vimos mucho juego directo de ambos equipos.<\/p>\n<p>La Vila Ol\u00edmpica consigui\u00f3 adelantarse en el marcador y Joel empat\u00f3, el 1-1 fue el resultado con el que se marcharon los jugadores a la media parte. Y tras el descanso los goles de Joel y Alex rompieron el partido, la Grama tuvo ocasiones para hacer el cuarto pero no lleg\u00f3. En el \u00faltimo minuto los locales apretaron el resultado.<\/p>\n<\/div>\n","protected":false},"excerpt":{"rendered":"<p>El Benjam\u00ed A va guanyar 2-3 al CE Vila Ol\u00edmpica C. Salvaci\u00f3 matem\u00e0tica per a un equip que tenia com a objectiu la salvaci\u00f3 a Primera Divisi\u00f3 per\u00f2 que estan sent capa\u00e7os de lluitar per acabar entre els 8 millors de la lliga. Un cop m\u00e9s van desplegar un bon joc en un partit on [&hellip;]<\/p>\n","protected":false},"author":1,"featured_media":0,"comment_status":"closed","ping_status":"closed","sticky":false,"template":"","format":"standard","meta":{"footnotes":""},"categories":[4,11],"tags":[24],"class_list":["post-20467","post","type-post","status-publish","format-standard","hentry","category-base-inclusiu","category-benjamins","tag-fundacio-esportiva-grama"],"_links":{"self":[{"href":"http:\/\/fegrama.cat\/web\/wp-json\/wp\/v2\/posts\/20467","targetHints":{"allow":["GET"]}}],"collection":[{"href":"http:\/\/fegrama.cat\/web\/wp-json\/wp\/v2\/posts"}],"about":[{"href":"http:\/\/fegrama.cat\/web\/wp-json\/wp\/v2\/types\/post"}],"author":[{"embeddable":true,"href":"http:\/\/fegrama.cat\/web\/wp-json\/wp\/v2\/users\/1"}],"replies":[{"embeddable":true,"href":"http:\/\/fegrama.cat\/web\/wp-json\/wp\/v2\/comments?post=20467"}],"version-history":[{"count":1,"href":"http:\/\/fegrama.cat\/web\/wp-json\/wp\/v2\/posts\/20467\/revisions"}],"predecessor-version":[{"id":20468,"href":"http:\/\/fegrama.cat\/web\/wp-json\/wp\/v2\/posts\/20467\/revisions\/20468"}],"wp:attachment":[{"href":"http:\/\/fegrama.cat\/web\/wp-json\/wp\/v2\/media?parent=20467"}],"wp:term":[{"taxonomy":"category","embeddable":true,"href":"http:\/\/fegrama.cat\/web\/wp-json\/wp\/v2\/categories?post=20467"},{"taxonomy":"post_tag","embeddable":true,"href":"http:\/\/fegrama.cat\/web\/wp-json\/wp\/v2\/tags?post=20467"}],"curies":[{"name":"wp","href":"https:\/\/api.w.org\/{rel}","templated":true}]}}