{"id":20465,"date":"2017-04-10T08:53:33","date_gmt":"2017-04-10T07:53:33","guid":{"rendered":"http:\/\/fegrama.cat\/web\/?p=20465"},"modified":"2017-04-10T08:53:33","modified_gmt":"2017-04-10T07:53:33","slug":"lalevi-e-va-guanyar-al-tercer-classificat","status":"publish","type":"post","link":"http:\/\/fegrama.cat\/web\/lalevi-e-va-guanyar-al-tercer-classificat\/","title":{"rendered":"L&#8217;Alev\u00ed E va guanyar al tercer classificat"},"content":{"rendered":"<p>L&#8217;Alev\u00ed E va remuntar i va guanyar 3-2 a la UB Catalonia E, tercer classificat de la lliga.<\/p>\n<p>Bon partit dels colomencs que tot i arribar a anar perdent 0-2 van saber refer-se i mai es van donar per ven\u00e7uts el que els va arribar a donar la volta a l&#8217;electr\u00f2nic. Antonio Sebasti\u00e1n en dues ocasions i Emili Alejandro van marcar els gols de la Grama. El marcador acabaria en un ajustat 3-2 per\u00f2 l&#8217;equip local amb una mica m\u00e9s de punteria hagu\u00e9s ampliat l&#8217;avantatge.<\/p>\n<p><a href=\"http:\/\/fegrama.cat\/web\/wp-content\/uploads\/2016\/10\/alevE.jpg\"><img loading=\"lazy\" decoding=\"async\" class=\"aligncenter\" alt=\"alevE\" src=\"http:\/\/fegrama.cat\/web\/wp-content\/uploads\/2016\/10\/alevE.jpg\" width=\"634\" height=\"433\" \/><\/a><\/p>\n<p>El Alev\u00edn E remont\u00f3 y gan\u00f3 3-2 a la UB Catalonia E, tercer clasificado de la liga.<\/p>\n<p>Buen partido de los colomenses que a pesar de llegar a ir perdiendo 0-2 supieron reponerse y nunca se dieron por vencidos lo que les lleg\u00f3 a dar la vuelta al electr\u00f3nico. Antonio Sebasti\u00e1n en dos ocasiones y Emili Alejandro marcaron los goles de la Grama. El marcador terminar\u00eda en un ajustado 3-2 pero el equipo local con un poco mas de punter\u00eda hubiera ampliado la ventaja.<\/p>\n","protected":false},"excerpt":{"rendered":"<p>L&#8217;Alev\u00ed E va remuntar i va guanyar 3-2 a la UB Catalonia E, tercer classificat de la lliga. Bon partit dels colomencs que tot i arribar a anar perdent 0-2 van saber refer-se i mai es van donar per ven\u00e7uts el que els va arribar a donar la volta a l&#8217;electr\u00f2nic. Antonio Sebasti\u00e1n en dues [&hellip;]<\/p>\n","protected":false},"author":1,"featured_media":17844,"comment_status":"closed","ping_status":"closed","sticky":false,"template":"","format":"standard","meta":{"footnotes":""},"categories":[10,4],"tags":[24,55],"class_list":["post-20465","post","type-post","status-publish","format-standard","has-post-thumbnail","hentry","category-alevins","category-base-inclusiu","tag-fundacio-esportiva-grama","tag-nou-municipal-de-santa-coloma"],"_links":{"self":[{"href":"http:\/\/fegrama.cat\/web\/wp-json\/wp\/v2\/posts\/20465","targetHints":{"allow":["GET"]}}],"collection":[{"href":"http:\/\/fegrama.cat\/web\/wp-json\/wp\/v2\/posts"}],"about":[{"href":"http:\/\/fegrama.cat\/web\/wp-json\/wp\/v2\/types\/post"}],"author":[{"embeddable":true,"href":"http:\/\/fegrama.cat\/web\/wp-json\/wp\/v2\/users\/1"}],"replies":[{"embeddable":true,"href":"http:\/\/fegrama.cat\/web\/wp-json\/wp\/v2\/comments?post=20465"}],"version-history":[{"count":1,"href":"http:\/\/fegrama.cat\/web\/wp-json\/wp\/v2\/posts\/20465\/revisions"}],"predecessor-version":[{"id":20466,"href":"http:\/\/fegrama.cat\/web\/wp-json\/wp\/v2\/posts\/20465\/revisions\/20466"}],"wp:featuredmedia":[{"embeddable":true,"href":"http:\/\/fegrama.cat\/web\/wp-json\/wp\/v2\/media\/17844"}],"wp:attachment":[{"href":"http:\/\/fegrama.cat\/web\/wp-json\/wp\/v2\/media?parent=20465"}],"wp:term":[{"taxonomy":"category","embeddable":true,"href":"http:\/\/fegrama.cat\/web\/wp-json\/wp\/v2\/categories?post=20465"},{"taxonomy":"post_tag","embeddable":true,"href":"http:\/\/fegrama.cat\/web\/wp-json\/wp\/v2\/tags?post=20465"}],"curies":[{"name":"wp","href":"https:\/\/api.w.org\/{rel}","templated":true}]}}