{"id":20463,"date":"2017-04-10T08:47:28","date_gmt":"2017-04-10T07:47:28","guid":{"rendered":"http:\/\/fegrama.cat\/web\/?p=20463"},"modified":"2017-04-10T08:47:28","modified_gmt":"2017-04-10T07:47:28","slug":"lalevi-g-va-caure-a-les-oliveres-lefectivitat-la-va-tenir-el-rival","status":"publish","type":"post","link":"http:\/\/fegrama.cat\/web\/lalevi-g-va-caure-a-les-oliveres-lefectivitat-la-va-tenir-el-rival\/","title":{"rendered":"L&#8217;Alev\u00ed G va caure a Les Oliveres, l&#8217;efectivitat la va tenir el rival"},"content":{"rendered":"<p>L&#8217;Alev\u00ed G va patir una derrota dolorosa per 3-6 davant el CF Lloreda C.<\/p>\n<p>Els colomencs van dominar el partit des de l&#8217;inici per\u00f2 fins a l&#8217;\u00faltim minut del primer quart no van aconseguir inaugurar el marcador, va ser H\u00e9ctor l&#8217;autor del primer gol. En el segon quart Isaac ampliava l&#8217;avantatge i el Lloreda retallava dist\u00e0ncies. Despr\u00e9s del descans Joel faria el tercer de la Grama.<\/p>\n<p>Quan m\u00e9s a prop semblava la vict\u00f2ria local el Lloreda marcaria tres gols de falta i al contraatac dos gols m\u00e9s.<\/p>\n<div><a href=\"http:\/\/fegrama.cat\/web\/wp-content\/uploads\/2016\/11\/AG.jpg\"><img loading=\"lazy\" decoding=\"async\" class=\"aligncenter\" alt=\"AG\" src=\"http:\/\/fegrama.cat\/web\/wp-content\/uploads\/2016\/11\/AG.jpg\" width=\"550\" height=\"354\" \/><\/a><strong><\/strong><\/div>\n<div><\/div>\n<div>El Alev\u00edn G sufri\u00f3 una derrota dolorosa por 3-6 ante el CF Lloreda C.<\/div>\n<div><\/div>\n<div>Los colomenses dominaron el partido desde el inicio pero hasta el \u00faltimo minuto del primer cuarto no consiguieron inaugurar el marcador, fue H\u00e9ctor el autor del primer gol. En el segundo cuarto Isaac ampliaba la ventaja y el Lloreda recortaba distancias. Tras el descanso Joel har\u00eda el tercero de la Grama.<\/div>\n<div><\/div>\n<div>Cuando m\u00e1s cerca parec\u00eda la victoria local el Lloreda marcar\u00eda tres goles de falta y al contraataque dos goles m\u00e1s.<\/div>\n","protected":false},"excerpt":{"rendered":"<p>L&#8217;Alev\u00ed G va patir una derrota dolorosa per 3-6 davant el CF Lloreda C. Els colomencs van dominar el partit des de l&#8217;inici per\u00f2 fins a l&#8217;\u00faltim minut del primer quart no van aconseguir inaugurar el marcador, va ser H\u00e9ctor l&#8217;autor del primer gol. En el segon quart Isaac ampliava l&#8217;avantatge i el Lloreda retallava [&hellip;]<\/p>\n","protected":false},"author":1,"featured_media":0,"comment_status":"closed","ping_status":"closed","sticky":false,"template":"","format":"standard","meta":{"footnotes":""},"categories":[10,4],"tags":[24,802],"class_list":["post-20463","post","type-post","status-publish","format-standard","hentry","category-alevins","category-base-inclusiu","tag-fundacio-esportiva-grama","tag-municipal-les-oliveres"],"_links":{"self":[{"href":"http:\/\/fegrama.cat\/web\/wp-json\/wp\/v2\/posts\/20463","targetHints":{"allow":["GET"]}}],"collection":[{"href":"http:\/\/fegrama.cat\/web\/wp-json\/wp\/v2\/posts"}],"about":[{"href":"http:\/\/fegrama.cat\/web\/wp-json\/wp\/v2\/types\/post"}],"author":[{"embeddable":true,"href":"http:\/\/fegrama.cat\/web\/wp-json\/wp\/v2\/users\/1"}],"replies":[{"embeddable":true,"href":"http:\/\/fegrama.cat\/web\/wp-json\/wp\/v2\/comments?post=20463"}],"version-history":[{"count":1,"href":"http:\/\/fegrama.cat\/web\/wp-json\/wp\/v2\/posts\/20463\/revisions"}],"predecessor-version":[{"id":20464,"href":"http:\/\/fegrama.cat\/web\/wp-json\/wp\/v2\/posts\/20463\/revisions\/20464"}],"wp:attachment":[{"href":"http:\/\/fegrama.cat\/web\/wp-json\/wp\/v2\/media?parent=20463"}],"wp:term":[{"taxonomy":"category","embeddable":true,"href":"http:\/\/fegrama.cat\/web\/wp-json\/wp\/v2\/categories?post=20463"},{"taxonomy":"post_tag","embeddable":true,"href":"http:\/\/fegrama.cat\/web\/wp-json\/wp\/v2\/tags?post=20463"}],"curies":[{"name":"wp","href":"https:\/\/api.w.org\/{rel}","templated":true}]}}