{"id":20461,"date":"2017-04-10T08:41:42","date_gmt":"2017-04-10T07:41:42","guid":{"rendered":"http:\/\/fegrama.cat\/web\/?p=20461"},"modified":"2017-04-10T08:41:42","modified_gmt":"2017-04-10T07:41:42","slug":"el-benjami-b-va-empatar-a-casa","status":"publish","type":"post","link":"http:\/\/fegrama.cat\/web\/el-benjami-b-va-empatar-a-casa\/","title":{"rendered":"El Benjam\u00ed B va empatar a casa"},"content":{"rendered":"<p>El Benjam\u00ed B va empatar (1-1) davant el CE Vila Ol\u00edmpica B. Tercer empat en els \u00faltims cinc partits, ara arribar\u00e0 una setmana de vacances important per recarregar les piles de cara al final de temporada i poder mantenir la gran tercera pla\u00e7a que ocupen.<\/p>\n<p>Xavi al minut 8 de partit va posar per davant al seu equip i l&#8217;1-0 va estar en el marcador durant gaireb\u00e9 tot el partit. En els minuts finals arribaria l&#8217;empat del rival aprofitant la falta de concentraci\u00f3 de la Grama. Els colomencs van dominar per\u00f2 no van aconseguir ampliar l&#8217;1-0 i acabarien pagant-ho car, traient un punt que sap a derrota.<\/p>\n<p><a href=\"http:\/\/fegrama.cat\/web\/wp-content\/uploads\/2016\/10\/benjB.jpg\"><img loading=\"lazy\" decoding=\"async\" class=\"aligncenter\" alt=\"benjB\" src=\"http:\/\/fegrama.cat\/web\/wp-content\/uploads\/2016\/10\/benjB.jpg\" width=\"556\" height=\"418\" \/><\/a><\/p>\n<p>El Benjam\u00edn B empat\u00f3 (1-1) ante el CE Vila Ol\u00edmpica B. Tercer empate en los \u00faltimos cinco partidos, ahora llegar\u00e1 una semana de vacaciones importante para recargar las pilas de cara al final de temporada y poder mantener la gran tercera plaza que ocupan.<\/p>\n<p>Xavi en el minuto 8 de partido puso por delante a su equipo y el 1-0 estuvo en el marcador durante casi todo el partido. En los minutos finales llegar\u00eda el empate del rival aprovechando la falta de concentraci\u00f3n de la Grama. Los colomenses dominaron pero no consiguieron ampliar el 1-0 y acabar\u00edan pag\u00e1ndolo caro, sacando un punto que sabe a derrota.<\/p>\n","protected":false},"excerpt":{"rendered":"<p>El Benjam\u00ed B va empatar (1-1) davant el CE Vila Ol\u00edmpica B. Tercer empat en els \u00faltims cinc partits, ara arribar\u00e0 una setmana de vacances important per recarregar les piles de cara al final de temporada i poder mantenir la gran tercera pla\u00e7a que ocupen. Xavi al minut 8 de partit va posar per davant [&hellip;]<\/p>\n","protected":false},"author":1,"featured_media":0,"comment_status":"closed","ping_status":"closed","sticky":false,"template":"","format":"standard","meta":{"footnotes":""},"categories":[4,11],"tags":[24,55],"class_list":["post-20461","post","type-post","status-publish","format-standard","hentry","category-base-inclusiu","category-benjamins","tag-fundacio-esportiva-grama","tag-nou-municipal-de-santa-coloma"],"_links":{"self":[{"href":"http:\/\/fegrama.cat\/web\/wp-json\/wp\/v2\/posts\/20461","targetHints":{"allow":["GET"]}}],"collection":[{"href":"http:\/\/fegrama.cat\/web\/wp-json\/wp\/v2\/posts"}],"about":[{"href":"http:\/\/fegrama.cat\/web\/wp-json\/wp\/v2\/types\/post"}],"author":[{"embeddable":true,"href":"http:\/\/fegrama.cat\/web\/wp-json\/wp\/v2\/users\/1"}],"replies":[{"embeddable":true,"href":"http:\/\/fegrama.cat\/web\/wp-json\/wp\/v2\/comments?post=20461"}],"version-history":[{"count":1,"href":"http:\/\/fegrama.cat\/web\/wp-json\/wp\/v2\/posts\/20461\/revisions"}],"predecessor-version":[{"id":20462,"href":"http:\/\/fegrama.cat\/web\/wp-json\/wp\/v2\/posts\/20461\/revisions\/20462"}],"wp:attachment":[{"href":"http:\/\/fegrama.cat\/web\/wp-json\/wp\/v2\/media?parent=20461"}],"wp:term":[{"taxonomy":"category","embeddable":true,"href":"http:\/\/fegrama.cat\/web\/wp-json\/wp\/v2\/categories?post=20461"},{"taxonomy":"post_tag","embeddable":true,"href":"http:\/\/fegrama.cat\/web\/wp-json\/wp\/v2\/tags?post=20461"}],"curies":[{"name":"wp","href":"https:\/\/api.w.org\/{rel}","templated":true}]}}