{"id":20455,"date":"2017-04-10T08:22:16","date_gmt":"2017-04-10T07:22:16","guid":{"rendered":"http:\/\/fegrama.cat\/web\/?p=20455"},"modified":"2017-04-10T08:22:16","modified_gmt":"2017-04-10T07:22:16","slug":"bon-treball-i-bona-victoria-de-linfantil-alevi","status":"publish","type":"post","link":"http:\/\/fegrama.cat\/web\/bon-treball-i-bona-victoria-de-linfantil-alevi\/","title":{"rendered":"Bon treball i bona vict\u00f2ria de l&#8217;Infantil-Alev\u00ed"},"content":{"rendered":"<p>L&#8217;Infantil-Alev\u00ed va guanyar 1-4 a la Roca Penya Blanc i Blava CF.<\/p>\n<p>Excel\u00b7lent treball de les nostres f\u00e8mines davant un rival refor\u00e7at amb jugadores del seu infantil de Primera Divisi\u00f3. El seu esfor\u00e7, disciplina i treball en el camp va ser molt bo, el que va fer que es portessin tres punts merescuts. La Grama va bloquejar el rival sense permetre crear jugades, mentre les blaves elaboraven i feien triangulacions per arribar a posar-se 0-4.<\/p>\n<p>Cal felicitar a totes les noies pel bon joc, el treball realitzat, la disciplina i la progressi\u00f3.<\/p>\n<p><a href=\"http:\/\/fegrama.cat\/web\/wp-content\/uploads\/2016\/10\/infal.jpg\"><img loading=\"lazy\" decoding=\"async\" class=\"aligncenter\" alt=\"infal\" src=\"http:\/\/fegrama.cat\/web\/wp-content\/uploads\/2016\/10\/infal.jpg\" width=\"610\" height=\"457\" \/><\/a><\/p>\n<p>El Infantil-Alev\u00edn gan\u00f3 1-4 a La Roca Penya Blanc i Blava CF.<\/p>\n<p>Excelente trabajo de nuestras f\u00e9minas ante un rival reforzado con jugadoras de su infantil de Primera Divisi\u00f3n. Su esfuerzo, disciplina y trabajo en el campo fue muy bueno, lo que hizo que se llevaran tres puntos merecidos.La Grama bloque\u00f3 al rival sin permitir crear jugadas, mientras las azules elaboraban y hac\u00edan triangulaciones para llegar a ponerse 0-4.<\/p>\n<p>Hay que felicitar a todas las chicas por el buen juego, el trabajo realizado, la disciplina y la progresi\u00f3n.<\/p>\n","protected":false},"excerpt":{"rendered":"<p>L&#8217;Infantil-Alev\u00ed va guanyar 1-4 a la Roca Penya Blanc i Blava CF. Excel\u00b7lent treball de les nostres f\u00e8mines davant un rival refor\u00e7at amb jugadores del seu infantil de Primera Divisi\u00f3. El seu esfor\u00e7, disciplina i treball en el camp va ser molt bo, el que va fer que es portessin tres punts merescuts. La Grama [&hellip;]<\/p>\n","protected":false},"author":1,"featured_media":17848,"comment_status":"closed","ping_status":"closed","sticky":false,"template":"","format":"standard","meta":{"footnotes":""},"categories":[4,13],"tags":[24],"class_list":["post-20455","post","type-post","status-publish","format-standard","has-post-thumbnail","hentry","category-base-inclusiu","category-femeni","tag-fundacio-esportiva-grama"],"_links":{"self":[{"href":"http:\/\/fegrama.cat\/web\/wp-json\/wp\/v2\/posts\/20455","targetHints":{"allow":["GET"]}}],"collection":[{"href":"http:\/\/fegrama.cat\/web\/wp-json\/wp\/v2\/posts"}],"about":[{"href":"http:\/\/fegrama.cat\/web\/wp-json\/wp\/v2\/types\/post"}],"author":[{"embeddable":true,"href":"http:\/\/fegrama.cat\/web\/wp-json\/wp\/v2\/users\/1"}],"replies":[{"embeddable":true,"href":"http:\/\/fegrama.cat\/web\/wp-json\/wp\/v2\/comments?post=20455"}],"version-history":[{"count":1,"href":"http:\/\/fegrama.cat\/web\/wp-json\/wp\/v2\/posts\/20455\/revisions"}],"predecessor-version":[{"id":20456,"href":"http:\/\/fegrama.cat\/web\/wp-json\/wp\/v2\/posts\/20455\/revisions\/20456"}],"wp:featuredmedia":[{"embeddable":true,"href":"http:\/\/fegrama.cat\/web\/wp-json\/wp\/v2\/media\/17848"}],"wp:attachment":[{"href":"http:\/\/fegrama.cat\/web\/wp-json\/wp\/v2\/media?parent=20455"}],"wp:term":[{"taxonomy":"category","embeddable":true,"href":"http:\/\/fegrama.cat\/web\/wp-json\/wp\/v2\/categories?post=20455"},{"taxonomy":"post_tag","embeddable":true,"href":"http:\/\/fegrama.cat\/web\/wp-json\/wp\/v2\/tags?post=20455"}],"curies":[{"name":"wp","href":"https:\/\/api.w.org\/{rel}","templated":true}]}}