{"id":20373,"date":"2017-04-02T20:06:10","date_gmt":"2017-04-02T19:06:10","guid":{"rendered":"http:\/\/fegrama.cat\/web\/?p=20373"},"modified":"2017-04-02T20:06:10","modified_gmt":"2017-04-02T19:06:10","slug":"el-juvenil-b-va-caure-a-mataro","status":"publish","type":"post","link":"http:\/\/fegrama.cat\/web\/el-juvenil-b-va-caure-a-mataro\/","title":{"rendered":"El Juvenil B va caure a Matar\u00f3"},"content":{"rendered":"<p>La UD Cirera va guanyar 4-2 al nostre Juvenil B en un mal partit de la Fundaci\u00f3.<\/p>\n<p>La Grama no va saber superar el plantejament defensiu dels locals i aix\u00f2 els va portar a la precipitaci\u00f3. A la primera meitat el Cirera va aconseguir marcar tres gols, el primer despr\u00e9s de ca\u00e7ar una segona jugada en un c\u00f3rner i els dos seg\u00fcents amb centres des de l&#8217;esquerra i rematada del seu davanter centre.<\/p>\n<p>A la segona meitat la Fundaci\u00f3 ho va intentar, Sergio Luque de penal va retallar dist\u00e0ncies en el minut 72 i m\u00e9s tard Angel Couceiro faria un altre gol despr\u00e9s de ca\u00e7ar una pilota perduda en l&#8217;\u00e0rea. El conjunt local marcaria el quart en un c\u00f3rner tancant la seva vict\u00f2ria.<\/p>\n<p>[divider]<\/p>\n<p>La UD Cirera gan\u00f3 4-2 a nuestro Juvenil B en un mal partido de la Fundaci\u00f3.<\/p>\n<p>La Grama no supo superar el planteamiento defensivo de los locales y eso los llev\u00f3 a la precipitaci\u00f3n. En la primera mitad el Cirera consigui\u00f3 marcar tres goles, el primero tras cazar una segunda jugada en un c\u00f3rner y los dos siguientes con centros desde la izquierda y remate de su delantero centro.<\/p>\n<p>En la segunda mitad la Fundaci\u00f3 lo intent\u00f3, Sergio Luque de penalti recort\u00f3 distancias en el minuto 72 y m\u00e1s tarde Angel Couceiro har\u00eda otro gol tras cazar un bal\u00f3n suelto en el \u00e1rea. El conjunto local marcar\u00eda el cuarto en un c\u00f3rner cerrando su victoria.<\/p>\n","protected":false},"excerpt":{"rendered":"<p>La UD Cirera va guanyar 4-2 al nostre Juvenil B en un mal partit de la Fundaci\u00f3. La Grama no va saber superar el plantejament defensiu dels locals i aix\u00f2 els va portar a la precipitaci\u00f3. A la primera meitat el Cirera va aconseguir marcar tres gols, el primer despr\u00e9s de ca\u00e7ar una segona jugada [&hellip;]<\/p>\n","protected":false},"author":1,"featured_media":17877,"comment_status":"closed","ping_status":"closed","sticky":false,"template":"","format":"standard","meta":{"footnotes":""},"categories":[4,6],"tags":[],"class_list":["post-20373","post","type-post","status-publish","format-standard","has-post-thumbnail","hentry","category-base-inclusiu","category-juvenils"],"_links":{"self":[{"href":"http:\/\/fegrama.cat\/web\/wp-json\/wp\/v2\/posts\/20373","targetHints":{"allow":["GET"]}}],"collection":[{"href":"http:\/\/fegrama.cat\/web\/wp-json\/wp\/v2\/posts"}],"about":[{"href":"http:\/\/fegrama.cat\/web\/wp-json\/wp\/v2\/types\/post"}],"author":[{"embeddable":true,"href":"http:\/\/fegrama.cat\/web\/wp-json\/wp\/v2\/users\/1"}],"replies":[{"embeddable":true,"href":"http:\/\/fegrama.cat\/web\/wp-json\/wp\/v2\/comments?post=20373"}],"version-history":[{"count":1,"href":"http:\/\/fegrama.cat\/web\/wp-json\/wp\/v2\/posts\/20373\/revisions"}],"predecessor-version":[{"id":20374,"href":"http:\/\/fegrama.cat\/web\/wp-json\/wp\/v2\/posts\/20373\/revisions\/20374"}],"wp:featuredmedia":[{"embeddable":true,"href":"http:\/\/fegrama.cat\/web\/wp-json\/wp\/v2\/media\/17877"}],"wp:attachment":[{"href":"http:\/\/fegrama.cat\/web\/wp-json\/wp\/v2\/media?parent=20373"}],"wp:term":[{"taxonomy":"category","embeddable":true,"href":"http:\/\/fegrama.cat\/web\/wp-json\/wp\/v2\/categories?post=20373"},{"taxonomy":"post_tag","embeddable":true,"href":"http:\/\/fegrama.cat\/web\/wp-json\/wp\/v2\/tags?post=20373"}],"curies":[{"name":"wp","href":"https:\/\/api.w.org\/{rel}","templated":true}]}}