{"id":20360,"date":"2017-04-02T18:52:36","date_gmt":"2017-04-02T17:52:36","guid":{"rendered":"http:\/\/fegrama.cat\/web\/?p=20360"},"modified":"2017-04-02T18:52:36","modified_gmt":"2017-04-02T17:52:36","slug":"linfantil-c-va-empatar-a-can-cabanyes","status":"publish","type":"post","link":"http:\/\/fegrama.cat\/web\/linfantil-c-va-empatar-a-can-cabanyes\/","title":{"rendered":"L&#8217;Infantil C va empatar a Can Cabanyes"},"content":{"rendered":"<p>L&#8217;Infantil C va empatar, 2-2, davant el Sistrells CF, un punt que serveix per seguir una jornada m\u00e9s a la quarta pla\u00e7a.<\/p>\n<p>Primera part dominada per l&#8217;equip local que va aconseguir avan\u00e7ar-se al marcador als sis minuts. La reacci\u00f3 colomenca va ser immediata i un minut despr\u00e9s Marc Mart\u00ednez feia l&#8217;1-1. El Sistrells va seguir dominant i abans d&#8217;anar-se&#8217;n al descans marcaria el 2-1. El descans li va venir b\u00e9 a la Grama, van canviar coses i en la segona meitat van ser els clars dominadors.<\/p>\n<p>Alex Garc\u00eda va fer l&#8217;empat i el seu equip va tenir diverses ocasions per endur-se la vict\u00f2ria per\u00f2 no van saber culminar-les. Finalment un empat que sap a poc despr\u00e9s de la gran segona meitat realitzada.<\/p>\n<div><a href=\"http:\/\/fegrama.cat\/web\/wp-content\/uploads\/2016\/12\/IC.jpg\"><img loading=\"lazy\" decoding=\"async\" class=\"aligncenter\" alt=\"IC\" src=\"http:\/\/fegrama.cat\/web\/wp-content\/uploads\/2016\/12\/IC.jpg\" width=\"560\" height=\"503\" \/><\/a><strong><\/strong><\/div>\n<p>El Infantil C empat\u00f3, 2-2, ante el Sistrells CF, un punto que sirve para seguir una jornada m\u00e1s en la cuarta plaza.<\/p>\n<p>Primera parte dominada por el equipo local que consigui\u00f3 adelantarse en el marcador a los seis minutos. La reacci\u00f3n colomense fue inmediata ya un minuto despu\u00e9s Marc Mart\u00ednez hac\u00eda el 1-1. El Sistrells sigui\u00f3 dominando y antes de irse al descanso marcar\u00eda el 2-1. El descanso le vino bien a la Grama, cambiaron cosas y en la segunda mitad fueron los claros dominadores.<\/p>\n<p>Alex Garc\u00eda hizo el empate y su equipo tuvo varias ocasiones para llevarse la victoria pero no supieron culminarlas. Finalmente un empate que sabe a poquito tras la gran segunda mitad realizada.<\/p>\n","protected":false},"excerpt":{"rendered":"<p>L&#8217;Infantil C va empatar, 2-2, davant el Sistrells CF, un punt que serveix per seguir una jornada m\u00e9s a la quarta pla\u00e7a. Primera part dominada per l&#8217;equip local que va aconseguir avan\u00e7ar-se al marcador als sis minuts. La reacci\u00f3 colomenca va ser immediata i un minut despr\u00e9s Marc Mart\u00ednez feia l&#8217;1-1. El Sistrells va seguir [&hellip;]<\/p>\n","protected":false},"author":1,"featured_media":18734,"comment_status":"closed","ping_status":"closed","sticky":false,"template":"","format":"standard","meta":{"footnotes":""},"categories":[4,9],"tags":[24],"class_list":["post-20360","post","type-post","status-publish","format-standard","has-post-thumbnail","hentry","category-base-inclusiu","category-infantils","tag-fundacio-esportiva-grama"],"_links":{"self":[{"href":"http:\/\/fegrama.cat\/web\/wp-json\/wp\/v2\/posts\/20360","targetHints":{"allow":["GET"]}}],"collection":[{"href":"http:\/\/fegrama.cat\/web\/wp-json\/wp\/v2\/posts"}],"about":[{"href":"http:\/\/fegrama.cat\/web\/wp-json\/wp\/v2\/types\/post"}],"author":[{"embeddable":true,"href":"http:\/\/fegrama.cat\/web\/wp-json\/wp\/v2\/users\/1"}],"replies":[{"embeddable":true,"href":"http:\/\/fegrama.cat\/web\/wp-json\/wp\/v2\/comments?post=20360"}],"version-history":[{"count":1,"href":"http:\/\/fegrama.cat\/web\/wp-json\/wp\/v2\/posts\/20360\/revisions"}],"predecessor-version":[{"id":20361,"href":"http:\/\/fegrama.cat\/web\/wp-json\/wp\/v2\/posts\/20360\/revisions\/20361"}],"wp:featuredmedia":[{"embeddable":true,"href":"http:\/\/fegrama.cat\/web\/wp-json\/wp\/v2\/media\/18734"}],"wp:attachment":[{"href":"http:\/\/fegrama.cat\/web\/wp-json\/wp\/v2\/media?parent=20360"}],"wp:term":[{"taxonomy":"category","embeddable":true,"href":"http:\/\/fegrama.cat\/web\/wp-json\/wp\/v2\/categories?post=20360"},{"taxonomy":"post_tag","embeddable":true,"href":"http:\/\/fegrama.cat\/web\/wp-json\/wp\/v2\/tags?post=20360"}],"curies":[{"name":"wp","href":"https:\/\/api.w.org\/{rel}","templated":true}]}}