{"id":20354,"date":"2017-04-02T18:32:16","date_gmt":"2017-04-02T17:32:16","guid":{"rendered":"http:\/\/fegrama.cat\/web\/?p=20354"},"modified":"2017-04-02T18:32:16","modified_gmt":"2017-04-02T17:32:16","slug":"golejada-bon-joc-i-mes-liders","status":"publish","type":"post","link":"http:\/\/fegrama.cat\/web\/golejada-bon-joc-i-mes-liders\/","title":{"rendered":"Golejada, bon joc i m\u00e9s l\u00edders"},"content":{"rendered":"<p><a href=\"http:\/\/fegrama.cat\/web\/wp-content\/uploads\/2017\/04\/11canpifeg.jpg\"><img loading=\"lazy\" decoding=\"async\" class=\"aligncenter  wp-image-20356\" alt=\"11canpifeg\" src=\"http:\/\/fegrama.cat\/web\/wp-content\/uploads\/2017\/04\/11canpifeg.jpg\" width=\"640\" height=\"480\" srcset=\"http:\/\/fegrama.cat\/web\/wp-content\/uploads\/2017\/04\/11canpifeg.jpg 800w, http:\/\/fegrama.cat\/web\/wp-content\/uploads\/2017\/04\/11canpifeg-300x225.jpg 300w\" sizes=\"auto, (max-width: 640px) 100vw, 640px\" \/><\/a><\/p>\n<p>L&#8217;equip de <strong>Dani Andreu<\/strong> va aprofitar els empats de Matar\u00f3 i Llefi\u00e0 per augmentar el seu avantatge sobre ells a 4 i 5 punts respectivament. Al <strong><em>Gornal (Hospitalet)<\/em> <\/strong>els blaus van golejar <strong>0-8<\/strong> a l&#8217;<strong>Esportiu Joventut Can Pi<\/strong>, tres punts molt importants.<\/p>\n<p>Els colomencs van fer un partit molt complet, superiors en totes les fases del joc al seu rival, imperials en atac i enrere un mur defensiu sense buits ni errors. La primera ocasi\u00f3 la va tenir el Can Pi en l&#8217;inici per\u00f2 es van topar amb<strong> Pau<\/strong> en el qual va ser el seu \u00fanic xut a porta. A partir d&#8217;aquest moment la <strong>Grama<\/strong> va prendre el control total del joc i en el minut 7 en un pilota parada penjada a l&#8217;\u00e0rea<strong> V\u00edctor<\/strong> rematava de cap lliure de marca.<\/p>\n<p>Amb el marcador favorable els jugadors no van abaixar el ritme, movent la pilota de costat a costat amb rapidesa i creant ocasions de gol per poder ampliar l&#8217;avantatge. Al quart d&#8217;hora un jugador local era expulsat en rebre la seva segona targeta groga i poc despr\u00e9s<strong> Crist\u00f3bal<\/strong> de cap rematava a gol una bona centrada per pujar el segon al marcador.<\/p>\n<p>La Fundaci\u00f3 va ser un veritable vendaval, sense perdre la pilota, tancant al seu camp el <strong>Can Pi<\/strong> i molt inspirats en atac. De falta directa <strong>Roberto Morales<\/strong> va fer el tercer, a la mitja hora <strong>Crist\u00f3bal<\/strong> va marcar el quart aprofitant una fallada del porter,<strong> Omar<\/strong> va aprofitar una assist\u00e8ncia de <strong>Lamin<\/strong> per pujar la &#8216;maneta&#8217; i abans del descans <strong>Iv\u00e1n<\/strong> marcaria el <strong>0-6<\/strong>.<\/p>\n<p>Amb el partit sentenciat quedava per veure uns segons 45 minuts dominats pels jugadors blaus, van tenir moltes ocasions de gol per deixar un marcador molt m\u00e9s gran de com acabaria. Els grans protagonistes de la segona meitat van ser el porter local i la mala punteria de la<strong> Grama<\/strong>.<\/p>\n<p>El pitxitxi de l&#8217;equip, <strong>Jos\u00e9 Mora<\/strong>, faria els dos gols del seu equip en aquesta part. El Ca\u00f1onero primer va pressionar al porter perqu\u00e8 comet\u00e9s un error en el rebuig colpejant el davanter i fent gol, i despr\u00e9s marcaria de cap el definitiu<strong> 0-8<\/strong>.<\/p>\n<p style=\"text-align: right;\"><strong><a href=\"http:\/\/fcf.cat\/classificacio\/1617\/futbol-11\/segona-catalana\/grup-2\">CLASSIFICACI\u00d3<\/a><\/strong><\/p>\n<p><a href=\"http:\/\/fegrama.cat\/web\/wp-content\/uploads\/2017\/04\/canpi08feg.jpg\"><img loading=\"lazy\" decoding=\"async\" class=\"aligncenter  wp-image-20355\" alt=\"canpi08feg\" src=\"http:\/\/fegrama.cat\/web\/wp-content\/uploads\/2017\/04\/canpi08feg.jpg\" width=\"526\" height=\"632\" \/><\/a><\/p>\n<p>El equipo de <strong>Dani Andreu<\/strong> aprovech\u00f3 los empates de Matar\u00f3 y Llefi\u00e0 para aumentar su ventaja sobre ellos a 4 y 5 puntos respectivamente. En el <em><strong>Gornal (Hospitalet)<\/strong><\/em> los azules golearon <strong>0-8<\/strong> al <strong>Esportiu Joventut Can Pi<\/strong>, tres puntos muy importantes.<\/p>\n<p>Los colomenses hicieron un partido muy completo, superiores en todas las fases del juego a su rival, imperiales en ataque y atr\u00e1s un muro defensivo sin huecos ni errores. La primera ocasi\u00f3n la tuvo el Can Pi en el inicio pero se toparon con <strong>Pau<\/strong> en el que fue su \u00fanico tiro a puerta. A partir de ese momento la <strong>Grama<\/strong> tom\u00f3 el control total del juego y en el minuto 7 en un bal\u00f3n parado colgado al \u00e1rea<strong> V\u00edctor<\/strong> remataba de cabeza libre de marca.<\/p>\n<p>Con el marcador favorable los jugadores no bajaron el ritmo, moviendo el bal\u00f3n de lado a lado con rapidez y creando ocasiones de gol para poder ampliar la ventaja. Al cuarto de hora un jugador local era expulsado al recibir su segunda tarjeta amarilla y poco despu\u00e9s <strong>Crist\u00f3bal<\/strong> de cabeza remataba a gol un buen centro para subir el segundo al marcador.<\/p>\n<p>La Fundaci\u00f3 fue un verdadero vendaval, sin perder el bal\u00f3n, encerrando en su campo al <strong>Can Pi<\/strong> y muy inspirados en ataque. De falta directa <strong>Roberto Morales<\/strong> hizo el tercero, a la media hora <strong>Crist\u00f3bal<\/strong> marc\u00f3 el cuarto aprovechando un fallo del portero, <strong>Omar<\/strong> aprovech\u00f3 una asistencia de <strong>Lamin<\/strong> para subir la &#8216;manita&#8217; y antes del descanso <strong>Iv\u00e1n<\/strong> marcar\u00eda el <strong>0-6<\/strong>.<\/p>\n<p>Con el partido sentenciado quedaba por ver unos segundos 45 minutos dominados por los jugadores azules, tuvieron muchas ocasiones de gol para dejar un marcador mucho m\u00e1s grande de como acabar\u00eda. Los grandes protagonistas de la segunda mitad fueron el portero local y la mala punter\u00eda de la <strong>Grama<\/strong>.<\/p>\n<p>El pichichi del equipo, <strong>Jos\u00e9 Mora<\/strong>, har\u00eda los dos goles de su equipo en esta parte. El Ca\u00f1onero primero presion\u00f3 al portero para que cometiera un error en el despeje golpeando al delantero y haciendo gol, y despu\u00e9s marcar\u00eda de cabeza el definitivo <strong>0-8<\/strong>.<\/p>\n","protected":false},"excerpt":{"rendered":"<p>L&#8217;equip de Dani Andreu va aprofitar els empats de Matar\u00f3 i Llefi\u00e0 per augmentar el seu avantatge sobre ells a 4 i 5 punts respectivament. Al Gornal (Hospitalet) els blaus van golejar 0-8 a l&#8217;Esportiu Joventut Can Pi, tres punts molt importants. Els colomencs van fer un partit molt complet, superiors en totes les fases [&hellip;]<\/p>\n","protected":false},"author":1,"featured_media":20356,"comment_status":"closed","ping_status":"closed","sticky":false,"template":"","format":"standard","meta":{"footnotes":""},"categories":[4,5],"tags":[1127,24],"class_list":["post-20354","post","type-post","status-publish","format-standard","has-post-thumbnail","hentry","category-base-inclusiu","category-primer-equip","tag-esportiu-joventut-can-pi","tag-fundacio-esportiva-grama"],"_links":{"self":[{"href":"http:\/\/fegrama.cat\/web\/wp-json\/wp\/v2\/posts\/20354","targetHints":{"allow":["GET"]}}],"collection":[{"href":"http:\/\/fegrama.cat\/web\/wp-json\/wp\/v2\/posts"}],"about":[{"href":"http:\/\/fegrama.cat\/web\/wp-json\/wp\/v2\/types\/post"}],"author":[{"embeddable":true,"href":"http:\/\/fegrama.cat\/web\/wp-json\/wp\/v2\/users\/1"}],"replies":[{"embeddable":true,"href":"http:\/\/fegrama.cat\/web\/wp-json\/wp\/v2\/comments?post=20354"}],"version-history":[{"count":2,"href":"http:\/\/fegrama.cat\/web\/wp-json\/wp\/v2\/posts\/20354\/revisions"}],"predecessor-version":[{"id":20358,"href":"http:\/\/fegrama.cat\/web\/wp-json\/wp\/v2\/posts\/20354\/revisions\/20358"}],"wp:featuredmedia":[{"embeddable":true,"href":"http:\/\/fegrama.cat\/web\/wp-json\/wp\/v2\/media\/20356"}],"wp:attachment":[{"href":"http:\/\/fegrama.cat\/web\/wp-json\/wp\/v2\/media?parent=20354"}],"wp:term":[{"taxonomy":"category","embeddable":true,"href":"http:\/\/fegrama.cat\/web\/wp-json\/wp\/v2\/categories?post=20354"},{"taxonomy":"post_tag","embeddable":true,"href":"http:\/\/fegrama.cat\/web\/wp-json\/wp\/v2\/tags?post=20354"}],"curies":[{"name":"wp","href":"https:\/\/api.w.org\/{rel}","templated":true}]}}