{"id":20346,"date":"2017-04-02T08:38:01","date_gmt":"2017-04-02T07:38:01","guid":{"rendered":"http:\/\/fegrama.cat\/web\/?p=20346"},"modified":"2017-04-02T09:38:02","modified_gmt":"2017-04-02T08:38:02","slug":"derrota-del-cadet-a-davant-del-sarria","status":"publish","type":"post","link":"http:\/\/fegrama.cat\/web\/derrota-del-cadet-a-davant-del-sarria\/","title":{"rendered":"Derrota del Cadet A davant del Sarri\u00e0"},"content":{"rendered":"<p>El Cadet A va perdre 1-2 davant el CP Sarri\u00e0, una altra vegada massa c\u00e0stig per tanta feina.<\/p>\n<p>Molta igualtat al Nou Municipal en un gran partit de futbol. Al quart d&#8217;hora en una jugada a\u00efllada s&#8217;assenyalava penal a favor del Sarri\u00e0 que suposaria el 0-1 al marcador. Des d&#8217;aquest moment la Grama es va fer amb el domini del joc mentre el seu rival esperava per realitzar r\u00e0pids contraatacs.<\/p>\n<p>A la segona meitat vam tenir la mateixa t\u00f2nica sobre el terreny de joc fins que al minut 65 va arribar l&#8217;empat. Una pilota a l&#8217;espai enviat per Agus el recollia Zouhayr per driblar el porter i marcar el gol. Quatre minuts m\u00e9s tard el Sarri\u00e0 feia al seu segon gol en una nova contra. La Grama ho va intentar fins al final per\u00f2 no van poder sumar cap punt.<\/p>\n<p><a href=\"http:\/\/fegrama.cat\/web\/wp-content\/uploads\/2016\/11\/ca.jpg\"><img loading=\"lazy\" decoding=\"async\" class=\"aligncenter\" alt=\"ca\" src=\"http:\/\/fegrama.cat\/web\/wp-content\/uploads\/2016\/11\/ca-1024x768.jpg\" width=\"618\" height=\"463\" \/><\/a><\/p>\n<p>El Cadete A perdi\u00f3 1-2 ante el CP Sarri\u00e0, otra vez demasiado castigo para tanto trabajo.<\/p>\n<p>Mucha igualdad en el Nou Municipal en un gran partido de f\u00fatbol. Al cuarto de hora en una jugada aislada se se\u00f1alaba penalti a favor del Sarri\u00e0 que supondr\u00eda el 0-1 en el marcador. Desde ese momento la Grama se hizo con el dominio del juego mientras su rival esperaba para realizar r\u00e1pidos contraataques.<\/p>\n<p>En la segunda mitad tuvimos la misma t\u00f3nica sobre el terreno de juego hasta que en el minuto 65 lleg\u00f3 el empate. Un bal\u00f3n al espacio enviado por Agus lo recog\u00eda Zouhayr para driblar al portero y marcar el gol. Cuatro minutos m\u00e1s tarde el Sarri\u00e0 hac\u00eda su segundo gol en una nueva contra. La Grama lo intent\u00f3 hasta el final pero no pudieron sumar ning\u00fan punto.<\/p>\n","protected":false},"excerpt":{"rendered":"<p>El Cadet A va perdre 1-2 davant el CP Sarri\u00e0, una altra vegada massa c\u00e0stig per tanta feina. Molta igualtat al Nou Municipal en un gran partit de futbol. Al quart d&#8217;hora en una jugada a\u00efllada s&#8217;assenyalava penal a favor del Sarri\u00e0 que suposaria el 0-1 al marcador. Des d&#8217;aquest moment la Grama es va [&hellip;]<\/p>\n","protected":false},"author":1,"featured_media":18420,"comment_status":"closed","ping_status":"closed","sticky":false,"template":"","format":"standard","meta":{"footnotes":""},"categories":[4,7],"tags":[24,55],"class_list":["post-20346","post","type-post","status-publish","format-standard","has-post-thumbnail","hentry","category-base-inclusiu","category-cadets","tag-fundacio-esportiva-grama","tag-nou-municipal-de-santa-coloma"],"_links":{"self":[{"href":"http:\/\/fegrama.cat\/web\/wp-json\/wp\/v2\/posts\/20346","targetHints":{"allow":["GET"]}}],"collection":[{"href":"http:\/\/fegrama.cat\/web\/wp-json\/wp\/v2\/posts"}],"about":[{"href":"http:\/\/fegrama.cat\/web\/wp-json\/wp\/v2\/types\/post"}],"author":[{"embeddable":true,"href":"http:\/\/fegrama.cat\/web\/wp-json\/wp\/v2\/users\/1"}],"replies":[{"embeddable":true,"href":"http:\/\/fegrama.cat\/web\/wp-json\/wp\/v2\/comments?post=20346"}],"version-history":[{"count":1,"href":"http:\/\/fegrama.cat\/web\/wp-json\/wp\/v2\/posts\/20346\/revisions"}],"predecessor-version":[{"id":20347,"href":"http:\/\/fegrama.cat\/web\/wp-json\/wp\/v2\/posts\/20346\/revisions\/20347"}],"wp:featuredmedia":[{"embeddable":true,"href":"http:\/\/fegrama.cat\/web\/wp-json\/wp\/v2\/media\/18420"}],"wp:attachment":[{"href":"http:\/\/fegrama.cat\/web\/wp-json\/wp\/v2\/media?parent=20346"}],"wp:term":[{"taxonomy":"category","embeddable":true,"href":"http:\/\/fegrama.cat\/web\/wp-json\/wp\/v2\/categories?post=20346"},{"taxonomy":"post_tag","embeddable":true,"href":"http:\/\/fegrama.cat\/web\/wp-json\/wp\/v2\/tags?post=20346"}],"curies":[{"name":"wp","href":"https:\/\/api.w.org\/{rel}","templated":true}]}}