{"id":20293,"date":"2017-03-31T09:08:59","date_gmt":"2017-03-31T08:08:59","guid":{"rendered":"http:\/\/fegrama.cat\/web\/?p=20293"},"modified":"2017-03-31T09:08:59","modified_gmt":"2017-03-31T08:08:59","slug":"cal-guanyar-al-gornal","status":"publish","type":"post","link":"http:\/\/fegrama.cat\/web\/cal-guanyar-al-gornal\/","title":{"rendered":"Cal guanyar al Gornal"},"content":{"rendered":"<p>El Primer Equip de la FE Grama defensar\u00e0 el liderat una setmana m\u00e9s, i aquesta vegada ho faran davant un equip del descens. A priori pot semblar un rival f\u00e0cil per\u00f2 per res ho ser\u00e0 ja que s&#8217;est\u00e0 jugant molt.<\/p>\n<p style=\"text-align: center;\"><strong>Diumenge a les 16 hores al Municipal Pol\u00edgon Gornal.<\/strong><\/p>\n<p>L&#8217;<strong>Esportiu Joventut Can Pi<\/strong> \u00e9s el pen\u00faltim classificat de la lliga amb 1 punt d&#8217;avantatge sobre el cuer. Els de L&#8217;Hospitalet porten quatre derrotes consecutives i sis jornades seguides sense guanyar. En el partit de la primera volta van donar guerra i van caure derrotats amb un gol encaixat en el minut 87.<\/p>\n<p><a href=\"http:\/\/fegrama.cat\/web\/wp-content\/uploads\/2017\/03\/11stpolfeg.jpg\"><img loading=\"lazy\" decoding=\"async\" class=\"aligncenter  wp-image-19873\" alt=\"11stpolfeg\" src=\"http:\/\/fegrama.cat\/web\/wp-content\/uploads\/2017\/03\/11stpolfeg.jpg\" width=\"560\" height=\"420\" srcset=\"http:\/\/fegrama.cat\/web\/wp-content\/uploads\/2017\/03\/11stpolfeg.jpg 800w, http:\/\/fegrama.cat\/web\/wp-content\/uploads\/2017\/03\/11stpolfeg-300x225.jpg 300w\" sizes=\"auto, (max-width: 560px) 100vw, 560px\" \/><\/a><\/p>\n<p>El Primer Equipo de la FE Grama defender\u00e1 el liderato una semana m\u00e1s, y esta vez lo har\u00e1n ante un equipo del descenso. A priori puede parecer un rival f\u00e1cil pero para nada lo ser\u00e1 ya que se est\u00e1 jugando mucho.<\/p>\n<p style=\"text-align: center;\"><strong>El domingo a las 16 horas en el Municipal Pol\u00edgon Gornal.<\/strong><\/p>\n<p>El <strong>Esportiu Joventut Can Pi<\/strong> es el pen\u00faltimo clasificado de la liga con 1 punto de ventaja sobre el colista. Los de L&#8217;Hospitalet llevan cuatro derrotas consecutivas y seis jornadas seguidas sin ganar. En el partido de la primera vuelta dieron guerra y cayeron derrotados con un gol encajado en el minuto 87.<\/p>\n","protected":false},"excerpt":{"rendered":"<p>El Primer Equip de la FE Grama defensar\u00e0 el liderat una setmana m\u00e9s, i aquesta vegada ho faran davant un equip del descens. A priori pot semblar un rival f\u00e0cil per\u00f2 per res ho ser\u00e0 ja que s&#8217;est\u00e0 jugant molt. Diumenge a les 16 hores al Municipal Pol\u00edgon Gornal. L&#8217;Esportiu Joventut Can Pi \u00e9s el [&hellip;]<\/p>\n","protected":false},"author":1,"featured_media":19342,"comment_status":"closed","ping_status":"closed","sticky":false,"template":"","format":"standard","meta":{"footnotes":""},"categories":[4,5],"tags":[1127,24,1107],"class_list":["post-20293","post","type-post","status-publish","format-standard","has-post-thumbnail","hentry","category-base-inclusiu","category-primer-equip","tag-esportiu-joventut-can-pi","tag-fundacio-esportiva-grama","tag-segunda-catalana"],"_links":{"self":[{"href":"http:\/\/fegrama.cat\/web\/wp-json\/wp\/v2\/posts\/20293","targetHints":{"allow":["GET"]}}],"collection":[{"href":"http:\/\/fegrama.cat\/web\/wp-json\/wp\/v2\/posts"}],"about":[{"href":"http:\/\/fegrama.cat\/web\/wp-json\/wp\/v2\/types\/post"}],"author":[{"embeddable":true,"href":"http:\/\/fegrama.cat\/web\/wp-json\/wp\/v2\/users\/1"}],"replies":[{"embeddable":true,"href":"http:\/\/fegrama.cat\/web\/wp-json\/wp\/v2\/comments?post=20293"}],"version-history":[{"count":2,"href":"http:\/\/fegrama.cat\/web\/wp-json\/wp\/v2\/posts\/20293\/revisions"}],"predecessor-version":[{"id":20321,"href":"http:\/\/fegrama.cat\/web\/wp-json\/wp\/v2\/posts\/20293\/revisions\/20321"}],"wp:featuredmedia":[{"embeddable":true,"href":"http:\/\/fegrama.cat\/web\/wp-json\/wp\/v2\/media\/19342"}],"wp:attachment":[{"href":"http:\/\/fegrama.cat\/web\/wp-json\/wp\/v2\/media?parent=20293"}],"wp:term":[{"taxonomy":"category","embeddable":true,"href":"http:\/\/fegrama.cat\/web\/wp-json\/wp\/v2\/categories?post=20293"},{"taxonomy":"post_tag","embeddable":true,"href":"http:\/\/fegrama.cat\/web\/wp-json\/wp\/v2\/tags?post=20293"}],"curies":[{"name":"wp","href":"https:\/\/api.w.org\/{rel}","templated":true}]}}