{"id":20085,"date":"2017-03-17T09:55:46","date_gmt":"2017-03-17T08:55:46","guid":{"rendered":"http:\/\/fegrama.cat\/web\/?p=20085"},"modified":"2017-03-17T09:55:46","modified_gmt":"2017-03-17T08:55:46","slug":"previes-dels-equips-cadets-18-i-19-de-marc","status":"publish","type":"post","link":"http:\/\/fegrama.cat\/web\/previes-dels-equips-cadets-18-i-19-de-marc\/","title":{"rendered":"Pr\u00e8vies dels equips Cadets (18 i 19 de mar\u00e7)"},"content":{"rendered":"<p><a href=\"http:\/\/fegrama.cat\/web\/wp-content\/uploads\/2016\/11\/CB.jpg\"><img loading=\"lazy\" decoding=\"async\" class=\"aligncenter\" alt=\"CB\" src=\"http:\/\/fegrama.cat\/web\/wp-content\/uploads\/2016\/11\/CB.jpg\" width=\"624\" height=\"494\" \/><\/a><strong>CADET B<\/strong><\/p>\n<p>El conjunt d&#8217;Oscar P\u00e9rez juga dissabte a les 16:15 hores al Nou Municipal de Santa Coloma. Els locals s&#8217;enfronten al CD Masnou B, equip de la part baixa de la classificaci\u00f3.<\/p>\n<p>El conjunto de Oscar P\u00e9rez juega el s\u00e1bado a las 16:15 horas en el Nou Municipal de Santa Coloma. Los locales se enfrentan al CD Masnou B, equipo de la parte baja de la clasificaci\u00f3n.<\/p>\n<div><a href=\"http:\/\/fegrama.cat\/web\/wp-content\/uploads\/2016\/10\/cadC.jpg\"><img loading=\"lazy\" decoding=\"async\" class=\"aligncenter\" alt=\"cadC\" src=\"http:\/\/fegrama.cat\/web\/wp-content\/uploads\/2016\/10\/cadC.jpg\" width=\"672\" height=\"504\" \/><\/a><strong><\/strong><\/div>\n<div><strong>CADET C<\/strong><\/div>\n<p>L&#8217;equip de Luis Maria Hernando i Ram\u00f3n Dom\u00ednguez visitar\u00e0 el Pol\u00edgon del Gornal dissabte a les 14 hores. El seu rival ser\u00e0 el CE Escola Collblanc-Torrassa, pen\u00faltim classificat de la lliga.<\/p>\n<p>El equipo de Luis Maria Hernando\u00a0y\u00a0Ram\u00f3n Dom\u00ednguez visitar\u00e1 el Pol\u00edgono del Gornal el s\u00e1bado a las 14 horas. Su rival ser\u00e1 el CE Escola Collblanc-Torrassa, pen\u00faltimo clasificado de la liga.<\/p>\n<p><a href=\"http:\/\/fegrama.cat\/web\/wp-content\/uploads\/2017\/01\/CD.jpg\"><img loading=\"lazy\" decoding=\"async\" class=\"aligncenter\" alt=\"CD\" src=\"http:\/\/fegrama.cat\/web\/wp-content\/uploads\/2017\/01\/CD.jpg\" width=\"640\" height=\"480\" \/><\/a><strong>CADET D<\/strong><\/p>\n<p>El conjunt de Sergio L\u00e1zaro i Jos\u00e9 Manuel Sancho fa sis jornades consecutives sense guanyar i aquest cap de setmana ha d&#8217;enfrontar-se al FC Zona Franca, tercer classificat que porta 7 vict\u00f2ries consecutives. El partit es jugar\u00e0 diumenge a les 16 hores al Nou Municipal.<\/p>\n<p>El conjunto de Sergio L\u00e1zaro y Jos\u00e9 Manuel Sancho lleva seis jornadas consecutivas sin ganar y este fin de semana tiene que enfrentarse al FC Zona Franca, tercer clasificado que lleva 7 victorias consecutivas. El partido se jugar\u00e1 el domingo a las 16 horas en el Nou Municipal.<\/p>\n","protected":false},"excerpt":{"rendered":"<p>CADET B El conjunt d&#8217;Oscar P\u00e9rez juga dissabte a les 16:15 hores al Nou Municipal de Santa Coloma. Els locals s&#8217;enfronten al CD Masnou B, equip de la part baixa de la classificaci\u00f3. El conjunto de Oscar P\u00e9rez juega el s\u00e1bado a las 16:15 horas en el Nou Municipal de Santa Coloma. Los locales se [&hellip;]<\/p>\n","protected":false},"author":1,"featured_media":3855,"comment_status":"closed","ping_status":"closed","sticky":false,"template":"","format":"standard","meta":{"footnotes":""},"categories":[4,7],"tags":[24,55],"class_list":["post-20085","post","type-post","status-publish","format-standard","has-post-thumbnail","hentry","category-base-inclusiu","category-cadets","tag-fundacio-esportiva-grama","tag-nou-municipal-de-santa-coloma"],"_links":{"self":[{"href":"http:\/\/fegrama.cat\/web\/wp-json\/wp\/v2\/posts\/20085","targetHints":{"allow":["GET"]}}],"collection":[{"href":"http:\/\/fegrama.cat\/web\/wp-json\/wp\/v2\/posts"}],"about":[{"href":"http:\/\/fegrama.cat\/web\/wp-json\/wp\/v2\/types\/post"}],"author":[{"embeddable":true,"href":"http:\/\/fegrama.cat\/web\/wp-json\/wp\/v2\/users\/1"}],"replies":[{"embeddable":true,"href":"http:\/\/fegrama.cat\/web\/wp-json\/wp\/v2\/comments?post=20085"}],"version-history":[{"count":1,"href":"http:\/\/fegrama.cat\/web\/wp-json\/wp\/v2\/posts\/20085\/revisions"}],"predecessor-version":[{"id":20086,"href":"http:\/\/fegrama.cat\/web\/wp-json\/wp\/v2\/posts\/20085\/revisions\/20086"}],"wp:featuredmedia":[{"embeddable":true,"href":"http:\/\/fegrama.cat\/web\/wp-json\/wp\/v2\/media\/3855"}],"wp:attachment":[{"href":"http:\/\/fegrama.cat\/web\/wp-json\/wp\/v2\/media?parent=20085"}],"wp:term":[{"taxonomy":"category","embeddable":true,"href":"http:\/\/fegrama.cat\/web\/wp-json\/wp\/v2\/categories?post=20085"},{"taxonomy":"post_tag","embeddable":true,"href":"http:\/\/fegrama.cat\/web\/wp-json\/wp\/v2\/tags?post=20085"}],"curies":[{"name":"wp","href":"https:\/\/api.w.org\/{rel}","templated":true}]}}