{"id":20083,"date":"2017-03-17T09:44:29","date_gmt":"2017-03-17T08:44:29","guid":{"rendered":"http:\/\/fegrama.cat\/web\/?p=20083"},"modified":"2017-03-17T09:44:29","modified_gmt":"2017-03-17T08:44:29","slug":"previes-dels-equips-prebenjamins-18-de-marc","status":"publish","type":"post","link":"http:\/\/fegrama.cat\/web\/previes-dels-equips-prebenjamins-18-de-marc\/","title":{"rendered":"Pr\u00e8vies dels equips Prebenjamins (18 de mar\u00e7)"},"content":{"rendered":"<p><a href=\"http:\/\/fegrama.cat\/web\/wp-content\/uploads\/2016\/11\/PA.jpg\"><img loading=\"lazy\" decoding=\"async\" class=\"aligncenter\" alt=\"PA\" src=\"http:\/\/fegrama.cat\/web\/wp-content\/uploads\/2016\/11\/PA.jpg\" width=\"560\" height=\"501\" \/><\/a><strong>PREBENJAM\u00cd A<\/strong><\/p>\n<p>L&#8217;equip de Jos\u00e9 Fortea juga dissabte a les 11 hores al Camp Municipal de Badalona. Els locals, CF Badalona, s\u00f3n setens i acumulen dues derrotes consecutives.<\/p>\n<p>El equipo de Jos\u00e9 Fortea juega el s\u00e1bado a las 11 horas en el Camp Municipal de Badalona. Los locales, CF Badalona, son s\u00e9ptimos y acumulan dos derrotas consecutivas.<\/p>\n<p><a href=\"http:\/\/fegrama.cat\/web\/wp-content\/uploads\/2016\/11\/PB.jpg\"><img loading=\"lazy\" decoding=\"async\" class=\"aligncenter\" alt=\"PB\" src=\"http:\/\/fegrama.cat\/web\/wp-content\/uploads\/2016\/11\/PB.jpg\" width=\"558\" height=\"468\" \/><\/a><strong>PREBENJAM\u00cd B<\/strong><\/p>\n<p>Els nois de Xavi Elizalde i Mart\u00edn juguen a Les Oliveres dissabte a les 14:30 hores. S&#8217;enfronten a l&#8217;Escola CF Performance, cinquens de la lliga.<\/p>\n<p>Los chicos de Xavi Elizalde y Mart\u00edn juegan en Les Oliveres el s\u00e1bado a las 14:30 horas. Se enfrentan a la Escuela CF Performance, quintos de la liga.<\/p>\n<p><a href=\"http:\/\/fegrama.cat\/web\/wp-content\/uploads\/2016\/11\/PD.jpg\"><img loading=\"lazy\" decoding=\"async\" class=\"aligncenter\" alt=\"PD\" src=\"http:\/\/fegrama.cat\/web\/wp-content\/uploads\/2016\/11\/PD.jpg\" width=\"560\" height=\"463\" \/><\/a><strong>PREBENJAM\u00cd C<\/strong><\/p>\n<p>L&#8217;equip de Sergi Mascare\u00f1a i Marc Mu\u00f1oz visita Badalona el dissabte a les 09 hores. Els locals, CD Pomar B, sis\u00e8 classificat amb 7 punts d&#8217;avantatge sobre la Fundaci\u00f3.<\/p>\n<p>El equipo de Sergi Mascare\u00f1a y Marc Mu\u00f1oz visita Badalona el s\u00e1bado a las 09 horas. Los locales, CD Pomar B, sexto clasificado con 7 puntos de ventaja sobre la Fundaci\u00f3.<\/p>\n<p><a href=\"http:\/\/fegrama.cat\/web\/wp-content\/uploads\/2017\/03\/PD.jpg\"><img loading=\"lazy\" decoding=\"async\" class=\"aligncenter  wp-image-20003\" alt=\"PD\" src=\"http:\/\/fegrama.cat\/web\/wp-content\/uploads\/2017\/03\/PD.jpg\" width=\"640\" height=\"566\" \/><\/a><\/p>\n<p><strong>PREBENJAM\u00cd D<\/strong><\/p>\n<p>El conjunt de Jonathan Fortea descansa aquesta jornada.<\/p>\n<p>El conjunto de Jonathan Fortea descansa esta jornada.<\/p>\n<p><a href=\"http:\/\/fegrama.cat\/web\/wp-content\/uploads\/2016\/10\/prebE.jpg\"><img loading=\"lazy\" decoding=\"async\" class=\"aligncenter\" alt=\"prebE\" src=\"http:\/\/fegrama.cat\/web\/wp-content\/uploads\/2016\/10\/prebE.jpg\" width=\"643\" height=\"384\" \/><\/a><strong><\/strong><\/p>\n<p><strong>PREBENJAM\u00cd E<\/strong><\/p>\n<p>Els nois d&#8217;Alex Jim\u00e9nez i Daniel Llamas juguen dissabte a l&#8217;Escola Industrial a les 15:30 hores. Els locals, PB Anguera, van perdre en la seva estrena a la Copa Cadeca.<\/p>\n<p>Los chicos de Alex Jim\u00e9nez y Daniel Llamas juegan el s\u00e1bado en la Escuela Industrial a las 15:30 horas. Los locales, PB Anguera, perdieron en su estreno en la Copa Cadeca.<\/p>\n","protected":false},"excerpt":{"rendered":"<p>PREBENJAM\u00cd A L&#8217;equip de Jos\u00e9 Fortea juga dissabte a les 11 hores al Camp Municipal de Badalona. Els locals, CF Badalona, s\u00f3n setens i acumulen dues derrotes consecutives. El equipo de Jos\u00e9 Fortea juega el s\u00e1bado a las 11 horas en el Camp Municipal de Badalona. Los locales, CF Badalona, son s\u00e9ptimos y acumulan dos [&hellip;]<\/p>\n","protected":false},"author":1,"featured_media":5821,"comment_status":"closed","ping_status":"closed","sticky":false,"template":"","format":"standard","meta":{"footnotes":""},"categories":[4,12],"tags":[24,802],"class_list":["post-20083","post","type-post","status-publish","format-standard","has-post-thumbnail","hentry","category-base-inclusiu","category-prebenjamins","tag-fundacio-esportiva-grama","tag-municipal-les-oliveres"],"_links":{"self":[{"href":"http:\/\/fegrama.cat\/web\/wp-json\/wp\/v2\/posts\/20083","targetHints":{"allow":["GET"]}}],"collection":[{"href":"http:\/\/fegrama.cat\/web\/wp-json\/wp\/v2\/posts"}],"about":[{"href":"http:\/\/fegrama.cat\/web\/wp-json\/wp\/v2\/types\/post"}],"author":[{"embeddable":true,"href":"http:\/\/fegrama.cat\/web\/wp-json\/wp\/v2\/users\/1"}],"replies":[{"embeddable":true,"href":"http:\/\/fegrama.cat\/web\/wp-json\/wp\/v2\/comments?post=20083"}],"version-history":[{"count":2,"href":"http:\/\/fegrama.cat\/web\/wp-json\/wp\/v2\/posts\/20083\/revisions"}],"predecessor-version":[{"id":20103,"href":"http:\/\/fegrama.cat\/web\/wp-json\/wp\/v2\/posts\/20083\/revisions\/20103"}],"wp:featuredmedia":[{"embeddable":true,"href":"http:\/\/fegrama.cat\/web\/wp-json\/wp\/v2\/media\/5821"}],"wp:attachment":[{"href":"http:\/\/fegrama.cat\/web\/wp-json\/wp\/v2\/media?parent=20083"}],"wp:term":[{"taxonomy":"category","embeddable":true,"href":"http:\/\/fegrama.cat\/web\/wp-json\/wp\/v2\/categories?post=20083"},{"taxonomy":"post_tag","embeddable":true,"href":"http:\/\/fegrama.cat\/web\/wp-json\/wp\/v2\/tags?post=20083"}],"curies":[{"name":"wp","href":"https:\/\/api.w.org\/{rel}","templated":true}]}}