{"id":19947,"date":"2017-03-07T19:37:50","date_gmt":"2017-03-07T18:37:50","guid":{"rendered":"http:\/\/fegrama.cat\/web\/?p=19947"},"modified":"2017-03-09T19:26:13","modified_gmt":"2017-03-09T18:26:13","slug":"previes-dels-equips-cadets-11-i-12-de-marc","status":"publish","type":"post","link":"http:\/\/fegrama.cat\/web\/previes-dels-equips-cadets-11-i-12-de-marc\/","title":{"rendered":"Pr\u00e8vies dels equips Cadets (11 i 12 de mar\u00e7)"},"content":{"rendered":"<p><a href=\"http:\/\/fegrama.cat\/web\/wp-content\/uploads\/2016\/11\/CB.jpg\"><img loading=\"lazy\" decoding=\"async\" class=\"aligncenter\" alt=\"CB\" src=\"http:\/\/fegrama.cat\/web\/wp-content\/uploads\/2016\/11\/CB.jpg\" width=\"624\" height=\"494\" \/><\/a><strong>CADET B<\/strong><\/p>\n<p>El conjunt d&#8217;Oscar P\u00e9rez juga diumenge a les 20 hores al Municipal Narc\u00eds Sala. Els locals, UE Sant Andreu D, s\u00f3n tercers amb cinc punts d&#8217;avantatge sobre la Grama. Partid\u00e0s\u00a0entre dos grans equips.<\/p>\n<p>El conjunto de Oscar P\u00e9rez juega el domingo a las 20 horas en el Municipal Narc\u00eds Sala. Los locales, UE Sant Andreu D, son terceros con cinco puntos de ventaja sobre la Grama. Partidazo entre dos grandes equipos.<\/p>\n<div><a href=\"http:\/\/fegrama.cat\/web\/wp-content\/uploads\/2016\/10\/cadC.jpg\"><img loading=\"lazy\" decoding=\"async\" class=\"aligncenter\" alt=\"cadC\" src=\"http:\/\/fegrama.cat\/web\/wp-content\/uploads\/2016\/10\/cadC.jpg\" width=\"672\" height=\"504\" \/><\/a><strong><\/strong><\/div>\n<div><strong>CADET C<\/strong><\/div>\n<p>L&#8217;equip de Luis Maria Hernando i Ram\u00f3n Dom\u00ednguez juga dissabte a les 12:15 hores al Nou Municipal. Els colomencs s&#8217;enfronten a la FP Hermes, vuit\u00e8 classificat.<\/p>\n<p>El equipo de Luis Maria Hernando\u00a0y\u00a0Ram\u00f3n Dom\u00ednguez juega el s\u00e1bado a las 12:15 horas en el Nou Municipal. Los colomenses se enfrentan a la FP Hermes, octavo clasificado.<\/p>\n<p><a href=\"http:\/\/fegrama.cat\/web\/wp-content\/uploads\/2017\/01\/CD.jpg\"><img loading=\"lazy\" decoding=\"async\" class=\"aligncenter\" alt=\"CD\" src=\"http:\/\/fegrama.cat\/web\/wp-content\/uploads\/2017\/01\/CD.jpg\" width=\"640\" height=\"480\" \/><\/a><strong>CADET D<\/strong><\/p>\n<p>Diumenge a les 16 hores tenim derbi al Municipal Can Zam-2 entre el CF Singuerl\u00edn i el conjunt de Sergio L\u00e1zaro i Jos\u00e9 Manuel Sancho. Els franjiverdes s\u00f3n segons en lliga, invictes a dos punts del l\u00edder i el que m\u00e9s gols ha marcat (115).<\/p>\n<p>El domingo a las 16 horas tenemos derbi en el Municipal Can Zam-2 entre el CF Singuerl\u00edn y el conjunto de Sergio L\u00e1zaro y Jos\u00e9 Manuel Sancho. Los franjiverdes son segundos en liga, invictos a dos puntos del l\u00edder y el que m\u00e1s goles ha marcado (115).<\/p>\n","protected":false},"excerpt":{"rendered":"<p>CADET B El conjunt d&#8217;Oscar P\u00e9rez juga diumenge a les 20 hores al Municipal Narc\u00eds Sala. Els locals, UE Sant Andreu D, s\u00f3n tercers amb cinc punts d&#8217;avantatge sobre la Grama. Partid\u00e0s\u00a0entre dos grans equips. El conjunto de Oscar P\u00e9rez juega el domingo a las 20 horas en el Municipal Narc\u00eds Sala. Los locales, UE [&hellip;]<\/p>\n","protected":false},"author":1,"featured_media":6220,"comment_status":"closed","ping_status":"closed","sticky":false,"template":"","format":"standard","meta":{"footnotes":""},"categories":[4,7],"tags":[24,55],"class_list":["post-19947","post","type-post","status-publish","format-standard","has-post-thumbnail","hentry","category-base-inclusiu","category-cadets","tag-fundacio-esportiva-grama","tag-nou-municipal-de-santa-coloma"],"_links":{"self":[{"href":"http:\/\/fegrama.cat\/web\/wp-json\/wp\/v2\/posts\/19947","targetHints":{"allow":["GET"]}}],"collection":[{"href":"http:\/\/fegrama.cat\/web\/wp-json\/wp\/v2\/posts"}],"about":[{"href":"http:\/\/fegrama.cat\/web\/wp-json\/wp\/v2\/types\/post"}],"author":[{"embeddable":true,"href":"http:\/\/fegrama.cat\/web\/wp-json\/wp\/v2\/users\/1"}],"replies":[{"embeddable":true,"href":"http:\/\/fegrama.cat\/web\/wp-json\/wp\/v2\/comments?post=19947"}],"version-history":[{"count":1,"href":"http:\/\/fegrama.cat\/web\/wp-json\/wp\/v2\/posts\/19947\/revisions"}],"predecessor-version":[{"id":19948,"href":"http:\/\/fegrama.cat\/web\/wp-json\/wp\/v2\/posts\/19947\/revisions\/19948"}],"wp:featuredmedia":[{"embeddable":true,"href":"http:\/\/fegrama.cat\/web\/wp-json\/wp\/v2\/media\/6220"}],"wp:attachment":[{"href":"http:\/\/fegrama.cat\/web\/wp-json\/wp\/v2\/media?parent=19947"}],"wp:term":[{"taxonomy":"category","embeddable":true,"href":"http:\/\/fegrama.cat\/web\/wp-json\/wp\/v2\/categories?post=19947"},{"taxonomy":"post_tag","embeddable":true,"href":"http:\/\/fegrama.cat\/web\/wp-json\/wp\/v2\/tags?post=19947"}],"curies":[{"name":"wp","href":"https:\/\/api.w.org\/{rel}","templated":true}]}}