{"id":19918,"date":"2017-03-06T11:25:53","date_gmt":"2017-03-06T10:25:53","guid":{"rendered":"http:\/\/fegrama.cat\/web\/?p=19918"},"modified":"2017-03-06T11:38:13","modified_gmt":"2017-03-06T10:38:13","slug":"empat-a-mataro-per-linfantil-alevi","status":"publish","type":"post","link":"http:\/\/fegrama.cat\/web\/empat-a-mataro-per-linfantil-alevi\/","title":{"rendered":"Empat a Matar\u00f3 per l&#8217;Infantil-Alev\u00ed"},"content":{"rendered":"<p>Repartiment de punts correcte entre l&#8217;Infantil-Alev\u00ed i la UD Cirera B.<\/p>\n<p>Gran partit per part dels dos equips on es va demostrar per ambdues parts un gran futbol de toc i conservaci\u00f3 de pilota digne de categories molt altes. Xoc molt igualat tant a nivell t\u00e0ctic com en la possessi\u00f3 de la pilota. El Cirera es va avan\u00e7ar en el segon quart despr\u00e9s d&#8217;un trencament de la seva davantera a la l\u00ednia defensiva quedant-se sola davant la portera.<\/p>\n<p>Les colomenques van seguir lluitant fins aconseguir reduir dist\u00e0ncies en una rematada de c\u00f3rner d&#8217;Elba. El partit es posava emocionant i tot i que les locals seguien amb el marcador a favor, les nostres f\u00e8mines van aconseguir donar-li la volta a l&#8217;\u00faltim quart, arribant al 2-3. El segon gol obra d&#8217;Andrea entrant al segon pal dret, despr\u00e9s de rebre una bona centrada des de la banda esquerra. I despr\u00e9s Ainara, entrant per banda dreta i amb un bon colpeig des de la frontal.<\/p>\n<p>Encara que finalment, en l&#8217;\u00faltim minut, les locals van aconseguir l&#8217;empat, totalment merescut ja que tots dos equips van demostrar perqu\u00e8 estan empatats a punts i lluitant per la part alta de la taula.<\/p>\n<p><img loading=\"lazy\" decoding=\"async\" class=\"aligncenter\" alt=\"infal\" src=\"http:\/\/fegrama.cat\/web\/wp-content\/uploads\/2016\/10\/infal.jpg\" width=\"610\" height=\"457\" \/><\/p>\n<p>Reparto de puntos correcto entre el Infantil-Alev\u00edn y la UD Cirera B.<\/p>\n<p>Gran partido por parte de ambos equipos donde se demostr\u00f3 por ambas partes un gran f\u00fatbol de toque y conservaci\u00f3n de bal\u00f3n digno de categor\u00edas muy altas. Choque muy igualado tanto a nivel t\u00e1ctico como en la posesi\u00f3n del bal\u00f3n. El Cirera se avanz\u00f3 en el segundo cuarto despu\u00e9s de una rotura de su delantera a la l\u00ednea defensiva qued\u00e1ndose sola ante la portera.<\/p>\n<p>Las colomenses siguieron luchando hasta conseguir reducir distancias en un remate de c\u00f3rner de Elba. El partido se pon\u00eda emocionante y a pesar de que las locales segu\u00edan con el marcador a favor, nuestras f\u00e9minas consiguieron darle la vuelta en el \u00faltimo cuarto, llegando al 2-3. El Ssegundo tanto obra de Andrea entrando al segundo palo derecho, despu\u00e9s de recibir un buen centro desde el lado izquierdo. Y luego Ainara, entrando por banda derecha y con un buen golpeo desde la frontal.<\/p>\n<p>Aunque finalmente, en el \u00faltimo minuto, las locales consiguieron el empate, totalmente merecido ya que ambos equipos demostraron porque est\u00e1n empatados a puntos y luchando por la parte alta de la tabla.<\/p>\n","protected":false},"excerpt":{"rendered":"<p>Repartiment de punts correcte entre l&#8217;Infantil-Alev\u00ed i la UD Cirera B. Gran partit per part dels dos equips on es va demostrar per ambdues parts un gran futbol de toc i conservaci\u00f3 de pilota digne de categories molt altes. Xoc molt igualat tant a nivell t\u00e0ctic com en la possessi\u00f3 de la pilota. El Cirera [&hellip;]<\/p>\n","protected":false},"author":1,"featured_media":17848,"comment_status":"closed","ping_status":"closed","sticky":false,"template":"","format":"standard","meta":{"footnotes":""},"categories":[4,13],"tags":[],"class_list":["post-19918","post","type-post","status-publish","format-standard","has-post-thumbnail","hentry","category-base-inclusiu","category-femeni"],"_links":{"self":[{"href":"http:\/\/fegrama.cat\/web\/wp-json\/wp\/v2\/posts\/19918","targetHints":{"allow":["GET"]}}],"collection":[{"href":"http:\/\/fegrama.cat\/web\/wp-json\/wp\/v2\/posts"}],"about":[{"href":"http:\/\/fegrama.cat\/web\/wp-json\/wp\/v2\/types\/post"}],"author":[{"embeddable":true,"href":"http:\/\/fegrama.cat\/web\/wp-json\/wp\/v2\/users\/1"}],"replies":[{"embeddable":true,"href":"http:\/\/fegrama.cat\/web\/wp-json\/wp\/v2\/comments?post=19918"}],"version-history":[{"count":1,"href":"http:\/\/fegrama.cat\/web\/wp-json\/wp\/v2\/posts\/19918\/revisions"}],"predecessor-version":[{"id":19919,"href":"http:\/\/fegrama.cat\/web\/wp-json\/wp\/v2\/posts\/19918\/revisions\/19919"}],"wp:featuredmedia":[{"embeddable":true,"href":"http:\/\/fegrama.cat\/web\/wp-json\/wp\/v2\/media\/17848"}],"wp:attachment":[{"href":"http:\/\/fegrama.cat\/web\/wp-json\/wp\/v2\/media?parent=19918"}],"wp:term":[{"taxonomy":"category","embeddable":true,"href":"http:\/\/fegrama.cat\/web\/wp-json\/wp\/v2\/categories?post=19918"},{"taxonomy":"post_tag","embeddable":true,"href":"http:\/\/fegrama.cat\/web\/wp-json\/wp\/v2\/tags?post=19918"}],"curies":[{"name":"wp","href":"https:\/\/api.w.org\/{rel}","templated":true}]}}