{"id":19915,"date":"2017-03-06T11:20:45","date_gmt":"2017-03-06T10:20:45","guid":{"rendered":"http:\/\/fegrama.cat\/web\/?p=19915"},"modified":"2017-03-06T11:20:45","modified_gmt":"2017-03-06T10:20:45","slug":"victoria-molt-treballada-de-lalevi-benjami","status":"publish","type":"post","link":"http:\/\/fegrama.cat\/web\/victoria-molt-treballada-de-lalevi-benjami\/","title":{"rendered":"Vict\u00f2ria molt treballada de l&#8217;Alev\u00ed-Benjam\u00ed"},"content":{"rendered":"<p>L&#8217;Alev\u00ed-Benjam\u00ed va guanyar 10-6 al CF Santa Eul\u00e0lia Ron\u00e7ana, tres punts vitals per mantenir-se en tercera posici\u00f3.<\/p>\n<p>Partit marcat pel vent i el fred que no li va permetre a la Grama jugar com elles saben. El rival va aconseguir avan\u00e7ar-se al marcador, aprofitant l&#8217;al\u00e7ada de les nostres porteres, xutant des de qualsevol punt, fins de servei de mig camp. En el segon quart les colomenques van comen\u00e7ar a entrar en joc, pressionant i finalitzant, retallant dist\u00e0ncies.<\/p>\n<p>En els dos \u00faltims quarts la Fundaci\u00f3 li va donar la volta al marcador i van aconseguir bloquejar els xuts del rival. La manca d&#8217;actitud en els primers quarts i l&#8217;exc\u00e9s de confian\u00e7a va fer que el partit no fos tan f\u00e0cil com s&#8217;esperava. A tot aix\u00f2 li sumem l&#8217;oportunitat que van veure les rivals de xutar a porteria des de qualsevol punt amb les petites dimensions de les Oliveres.<\/p>\n<p><img loading=\"lazy\" decoding=\"async\" class=\"aligncenter\" alt=\"alevben\" src=\"http:\/\/fegrama.cat\/web\/wp-content\/uploads\/2016\/10\/alevben.jpg\" width=\"640\" height=\"481\" \/><\/p>\n<p>El Alev\u00edn-Benjam\u00edn gan\u00f3 10-6 al CF Santa Eul\u00e0lia Ron\u00e7ana, tres puntos vitales para mantenerse en tercera posici\u00f3n.<\/p>\n<p>Partido marcado por el viento y el fr\u00edo que no le permiti\u00f3 a la Grama jugar como ellas saben. El rival consigui\u00f3 adelantarse en el marcador, aprovechando la altura de nuestras porteras, chutando desde cualquier punto, hasta de saque de medio campo. En el segundo cuarto las colomenses empezaron a entrar en juego, presionando y finalizando, recortando distancias.<\/p>\n<p>En los dos \u00faltimos cuartos la Fundaci\u00f3 le dio la vuelta al marcador y consiguieron bloquear los chutes del rival. La falta de actitud en los primeros cuartos y el exceso de confianza hizo que el partido no fuera tan f\u00e1cil como se esperaba. A todo ello le sumamos la oportunidad que vieron las rivales de chutar a porter\u00eda desde cualquier punto con las peque\u00f1as dimensiones de Les Oliveres.<\/p>\n","protected":false},"excerpt":{"rendered":"<p>L&#8217;Alev\u00ed-Benjam\u00ed va guanyar 10-6 al CF Santa Eul\u00e0lia Ron\u00e7ana, tres punts vitals per mantenir-se en tercera posici\u00f3. Partit marcat pel vent i el fred que no li va permetre a la Grama jugar com elles saben. El rival va aconseguir avan\u00e7ar-se al marcador, aprofitant l&#8217;al\u00e7ada de les nostres porteres, xutant des de qualsevol punt, fins [&hellip;]<\/p>\n","protected":false},"author":1,"featured_media":0,"comment_status":"closed","ping_status":"closed","sticky":false,"template":"","format":"standard","meta":{"footnotes":""},"categories":[4,13],"tags":[24,802,130],"class_list":["post-19915","post","type-post","status-publish","format-standard","hentry","category-base-inclusiu","category-femeni","tag-fundacio-esportiva-grama","tag-municipal-les-oliveres","tag-santa-coloma-de-gramenet"],"_links":{"self":[{"href":"http:\/\/fegrama.cat\/web\/wp-json\/wp\/v2\/posts\/19915","targetHints":{"allow":["GET"]}}],"collection":[{"href":"http:\/\/fegrama.cat\/web\/wp-json\/wp\/v2\/posts"}],"about":[{"href":"http:\/\/fegrama.cat\/web\/wp-json\/wp\/v2\/types\/post"}],"author":[{"embeddable":true,"href":"http:\/\/fegrama.cat\/web\/wp-json\/wp\/v2\/users\/1"}],"replies":[{"embeddable":true,"href":"http:\/\/fegrama.cat\/web\/wp-json\/wp\/v2\/comments?post=19915"}],"version-history":[{"count":2,"href":"http:\/\/fegrama.cat\/web\/wp-json\/wp\/v2\/posts\/19915\/revisions"}],"predecessor-version":[{"id":19917,"href":"http:\/\/fegrama.cat\/web\/wp-json\/wp\/v2\/posts\/19915\/revisions\/19917"}],"wp:attachment":[{"href":"http:\/\/fegrama.cat\/web\/wp-json\/wp\/v2\/media?parent=19915"}],"wp:term":[{"taxonomy":"category","embeddable":true,"href":"http:\/\/fegrama.cat\/web\/wp-json\/wp\/v2\/categories?post=19915"},{"taxonomy":"post_tag","embeddable":true,"href":"http:\/\/fegrama.cat\/web\/wp-json\/wp\/v2\/tags?post=19915"}],"curies":[{"name":"wp","href":"https:\/\/api.w.org\/{rel}","templated":true}]}}