{"id":19913,"date":"2017-03-06T11:12:25","date_gmt":"2017-03-06T10:12:25","guid":{"rendered":"http:\/\/fegrama.cat\/web\/?p=19913"},"modified":"2017-03-06T11:12:25","modified_gmt":"2017-03-06T10:12:25","slug":"a-la-verneda-linfantil-a-torna-a-guanyar","status":"publish","type":"post","link":"http:\/\/fegrama.cat\/web\/a-la-verneda-linfantil-a-torna-a-guanyar\/","title":{"rendered":"A La Verneda l&#8217;Infantil A torna a guanyar"},"content":{"rendered":"<p>L&#8217;Infantil A va guanyar 0-2 a un complicat Fund.Priv.CE J\u00fapiter.<\/p>\n<p>Els colomencs van haver de treballar en tot moment per no concedir ocasions de perill a un rival dur en jugades d&#8217;estrat\u00e8gia. La Grama va saber ser contundent i efectiva, un gol d&#8217;Ignacio des de fora de l&#8217;\u00e0rea va posar el 0-1. A la segona meitat mateix gui\u00f3 i a falta de cinc minuts per al final va arribar la sent\u00e8ncia amb un bonic cop de cap en una jugada assajada de c\u00f3rner.<\/p>\n<p>Despr\u00e9s de l&#8217;aturada de carnestoltes l&#8217;equip ha tornat endollat i amb moltes ganes de seguir creixent i millorant en el seu joc.<\/p>\n<p><a href=\"http:\/\/fegrama.cat\/web\/wp-content\/uploads\/2016\/10\/infA.jpg\"><img loading=\"lazy\" decoding=\"async\" class=\"aligncenter\" alt=\"infA\" src=\"http:\/\/fegrama.cat\/web\/wp-content\/uploads\/2016\/10\/infA.jpg\" width=\"640\" height=\"464\" \/><\/a><\/p>\n<p>El Infantil A gan\u00f3 0-2 a un complicado Fund.Priv.CE J\u00fapiter.<\/p>\n<p>Los colomenses tuvieron que trabajar en todo momento para no concederle ocasiones de peligro a un rival duro en jugadas de estrategia. La Grama supo ser contundente y efectiva, un gol de Ignacio desde fuera del \u00e1rea puso el 0-1. En la segunda mitad mismo gui\u00f3n y a falta de cinco minutos para el final lleg\u00f3 la sentencia con un bonito cabezazo en jugada ensayada de c\u00f3rner.<\/p>\n<p>Despu\u00e9s del par\u00f3n de carnaval el equipo ha vuelto enchufado y con muchas ganas de seguir creciendo y mejorando en su juego.<\/p>\n","protected":false},"excerpt":{"rendered":"<p>L&#8217;Infantil A va guanyar 0-2 a un complicat Fund.Priv.CE J\u00fapiter. Els colomencs van haver de treballar en tot moment per no concedir ocasions de perill a un rival dur en jugades d&#8217;estrat\u00e8gia. La Grama va saber ser contundent i efectiva, un gol d&#8217;Ignacio des de fora de l&#8217;\u00e0rea va posar el 0-1. A la segona [&hellip;]<\/p>\n","protected":false},"author":1,"featured_media":17869,"comment_status":"closed","ping_status":"closed","sticky":false,"template":"","format":"standard","meta":{"footnotes":""},"categories":[4,9],"tags":[],"class_list":["post-19913","post","type-post","status-publish","format-standard","has-post-thumbnail","hentry","category-base-inclusiu","category-infantils"],"_links":{"self":[{"href":"http:\/\/fegrama.cat\/web\/wp-json\/wp\/v2\/posts\/19913","targetHints":{"allow":["GET"]}}],"collection":[{"href":"http:\/\/fegrama.cat\/web\/wp-json\/wp\/v2\/posts"}],"about":[{"href":"http:\/\/fegrama.cat\/web\/wp-json\/wp\/v2\/types\/post"}],"author":[{"embeddable":true,"href":"http:\/\/fegrama.cat\/web\/wp-json\/wp\/v2\/users\/1"}],"replies":[{"embeddable":true,"href":"http:\/\/fegrama.cat\/web\/wp-json\/wp\/v2\/comments?post=19913"}],"version-history":[{"count":1,"href":"http:\/\/fegrama.cat\/web\/wp-json\/wp\/v2\/posts\/19913\/revisions"}],"predecessor-version":[{"id":19914,"href":"http:\/\/fegrama.cat\/web\/wp-json\/wp\/v2\/posts\/19913\/revisions\/19914"}],"wp:featuredmedia":[{"embeddable":true,"href":"http:\/\/fegrama.cat\/web\/wp-json\/wp\/v2\/media\/17869"}],"wp:attachment":[{"href":"http:\/\/fegrama.cat\/web\/wp-json\/wp\/v2\/media?parent=19913"}],"wp:term":[{"taxonomy":"category","embeddable":true,"href":"http:\/\/fegrama.cat\/web\/wp-json\/wp\/v2\/categories?post=19913"},{"taxonomy":"post_tag","embeddable":true,"href":"http:\/\/fegrama.cat\/web\/wp-json\/wp\/v2\/tags?post=19913"}],"curies":[{"name":"wp","href":"https:\/\/api.w.org\/{rel}","templated":true}]}}