{"id":19907,"date":"2017-03-06T10:50:46","date_gmt":"2017-03-06T09:50:46","guid":{"rendered":"http:\/\/fegrama.cat\/web\/?p=19907"},"modified":"2017-03-06T10:50:46","modified_gmt":"2017-03-06T09:50:46","slug":"victoria-del-benjami-c-al-feliu-i-codina","status":"publish","type":"post","link":"http:\/\/fegrama.cat\/web\/victoria-del-benjami-c-al-feliu-i-codina\/","title":{"rendered":"Vict\u00f2ria del Benjam\u00ed C al Feliu i Codina"},"content":{"rendered":"<p>El Benjam\u00ed C va guanyar 4-7 a la U.At.Horta B.<\/p>\n<p>La Grama va comen\u00e7ar molt b\u00e9, posant-se 0-3 al marcador gr\u00e0cies als gols de Robert David, Badr i Lucas. Per\u00f2 r\u00e0pidament dos errors van ficar a l&#8217;equip local molt a prop del seu rival (2-3). Tot i aix\u00ed, els colomencs van saber gestionar el partit i portar-lo a on volien. Mantenint un bon ritme de joc van acabar marcant tres gols que donaven tranquil\u00b7litat.<\/p>\n<p>Dues vegades Lucas i una Manuel van posar un 3-6 al marcador. Tot i que l&#8217;Horta va tornar a retallar dist\u00e0ncies, en la jugada seg\u00fcent Lucas va tancar el xoc. Resultat que podria haver estat m\u00e9s ampli i c\u00f2mode per\u00f2 que va acabar amb un 4-7.<\/p>\n<div><a href=\"http:\/\/fegrama.cat\/web\/wp-content\/uploads\/2016\/11\/BC.jpg\"><img loading=\"lazy\" decoding=\"async\" class=\"aligncenter\" alt=\"BC\" src=\"http:\/\/fegrama.cat\/web\/wp-content\/uploads\/2016\/11\/BC.jpg\" width=\"560\" height=\"478\" \/><\/a><strong><\/strong><\/div>\n<p>El Benjam\u00edn C gan\u00f3 4-7 a la U.At.Horta B.<\/p>\n<p>La Grama empez\u00f3 muy bien, poni\u00e9ndose 0-3 en el marcador gracias a los goles de Robert David, Badr y Lucas. Pero r\u00e1pidamente dos fallos metieron al equipo local muy cerca de su rival (2-3). A\u00fan as\u00ed, los colomenses supieron manejar el partido y llevarlo a donde quer\u00edan. Manteniendo un buen ritmo de juego acabaron marcando otros tres goles que daban tranquilidad.<\/p>\n<p>Dos veces Lucas y una Manuel pusieron un 3-6 en el marcador. Aunque el Horta volvi\u00f3 a recortar distancias en la jugada siguiente Lucas cerr\u00f3 el choque. Resultado que podr\u00eda haber sido m\u00e1s ampl\u00edo y c\u00f3modo pero que acab\u00f3 con un 4-7.<\/p>\n","protected":false},"excerpt":{"rendered":"<p>El Benjam\u00ed C va guanyar 4-7 a la U.At.Horta B. La Grama va comen\u00e7ar molt b\u00e9, posant-se 0-3 al marcador gr\u00e0cies als gols de Robert David, Badr i Lucas. Per\u00f2 r\u00e0pidament dos errors van ficar a l&#8217;equip local molt a prop del seu rival (2-3). Tot i aix\u00ed, els colomencs van saber gestionar el partit [&hellip;]<\/p>\n","protected":false},"author":1,"featured_media":18433,"comment_status":"closed","ping_status":"closed","sticky":false,"template":"","format":"standard","meta":{"footnotes":""},"categories":[4,11],"tags":[24],"class_list":["post-19907","post","type-post","status-publish","format-standard","has-post-thumbnail","hentry","category-base-inclusiu","category-benjamins","tag-fundacio-esportiva-grama"],"_links":{"self":[{"href":"http:\/\/fegrama.cat\/web\/wp-json\/wp\/v2\/posts\/19907","targetHints":{"allow":["GET"]}}],"collection":[{"href":"http:\/\/fegrama.cat\/web\/wp-json\/wp\/v2\/posts"}],"about":[{"href":"http:\/\/fegrama.cat\/web\/wp-json\/wp\/v2\/types\/post"}],"author":[{"embeddable":true,"href":"http:\/\/fegrama.cat\/web\/wp-json\/wp\/v2\/users\/1"}],"replies":[{"embeddable":true,"href":"http:\/\/fegrama.cat\/web\/wp-json\/wp\/v2\/comments?post=19907"}],"version-history":[{"count":1,"href":"http:\/\/fegrama.cat\/web\/wp-json\/wp\/v2\/posts\/19907\/revisions"}],"predecessor-version":[{"id":19910,"href":"http:\/\/fegrama.cat\/web\/wp-json\/wp\/v2\/posts\/19907\/revisions\/19910"}],"wp:featuredmedia":[{"embeddable":true,"href":"http:\/\/fegrama.cat\/web\/wp-json\/wp\/v2\/media\/18433"}],"wp:attachment":[{"href":"http:\/\/fegrama.cat\/web\/wp-json\/wp\/v2\/media?parent=19907"}],"wp:term":[{"taxonomy":"category","embeddable":true,"href":"http:\/\/fegrama.cat\/web\/wp-json\/wp\/v2\/categories?post=19907"},{"taxonomy":"post_tag","embeddable":true,"href":"http:\/\/fegrama.cat\/web\/wp-json\/wp\/v2\/tags?post=19907"}],"curies":[{"name":"wp","href":"https:\/\/api.w.org\/{rel}","templated":true}]}}