{"id":19894,"date":"2017-03-06T10:42:39","date_gmt":"2017-03-06T09:42:39","guid":{"rendered":"http:\/\/fegrama.cat\/web\/?p=19894"},"modified":"2017-03-06T10:42:39","modified_gmt":"2017-03-06T09:42:39","slug":"resums-dels-equips-prebenjamins-4-i-5-de-marc","status":"publish","type":"post","link":"http:\/\/fegrama.cat\/web\/resums-dels-equips-prebenjamins-4-i-5-de-marc\/","title":{"rendered":"Resums dels equips Prebenjamins (4 i 5 de mar\u00e7)"},"content":{"rendered":"<p><a href=\"http:\/\/fegrama.cat\/web\/wp-content\/uploads\/2016\/11\/PA.jpg\"><img loading=\"lazy\" decoding=\"async\" class=\"aligncenter\" alt=\"PA\" src=\"http:\/\/fegrama.cat\/web\/wp-content\/uploads\/2016\/11\/PA.jpg\" width=\"560\" height=\"501\" \/><\/a><strong><\/strong><\/p>\n<p><strong>UE Sant Andreu 3-4 PREBENJAM\u00cd A<\/strong><\/p>\n<p>Gran partit de la Grama davant el l\u00edder invicte de la lliga. Els colomencs van saber reposar-se a un 2-o i van aconseguir capgirar el marcador a l&#8217;inici de l&#8217;\u00faltim quart. El Sant Andreu va empatar per\u00f2 a tres minuts del final Ibrahim marcaria el gol de la vict\u00f2ria. Vict\u00f2ria molt merescuda per a la Fundaci\u00f3 que en cap moment va perdre la cara al partit. A destacar el gran treball de tots els nois, i d&#8217;Aitor en porteria decisiu.<\/p>\n<p>Gran partido de la Grama ante el l\u00edder invicto de la liga. Los colomenses supieron reponerse a un 2-o y consiguieron darle la vuelta al marcador al inicio del \u00faltimo cuarto. El Sant Andreu empat\u00f3 pero a tres minutos del final Ibrahim marcar\u00eda el gol de la victoria. Victoria muy merecida para la Fundaci\u00f3 que en ning\u00fan momento perdi\u00f3 la cara al partido. A destacar el gran trabajo de todos los chicos, y de Aitor en porter\u00eda decisivo.<\/p>\n<p><a href=\"http:\/\/fegrama.cat\/web\/wp-content\/uploads\/2016\/11\/PB.jpg\"><img loading=\"lazy\" decoding=\"async\" class=\"aligncenter\" alt=\"PB\" src=\"http:\/\/fegrama.cat\/web\/wp-content\/uploads\/2016\/11\/PB.jpg\" width=\"558\" height=\"468\" \/><\/a><strong>PREBENJAM\u00cd B 3-4 Fund.Priv.CE J\u00fapiter B<br \/>\n<\/strong><\/p>\n<p>Una setmana m\u00e9s la Grama no va saltar amb intensitat al camp i va haver d&#8217;anar a remolc tot el partit. Aquesta derrota podria ser un punt d&#8217;inflexi\u00f3 per recuperar la intensitat en els partits.<\/p>\n<p>Una semana m\u00e1s la Grama no salt\u00f3 con intensidad en el campo y tuvo que ir a remolque todo el partido. Esta derrota podr\u00eda ser un punto de inflexi\u00f3n para recuperar la intensidad en los partidos.<\/p>\n<p><a href=\"http:\/\/fegrama.cat\/web\/wp-content\/uploads\/2016\/11\/PD.jpg\"><img loading=\"lazy\" decoding=\"async\" class=\"aligncenter\" alt=\"PD\" src=\"http:\/\/fegrama.cat\/web\/wp-content\/uploads\/2016\/11\/PD.jpg\" width=\"560\" height=\"463\" \/><\/a><strong>PREBENJAM\u00cd C 0-0 CP Sarri\u00e0 B<br \/>\n<\/strong><\/p>\n<p>Partit molt travat a Les Oliveres on els colomencs van jugar molt b\u00e9 per\u00f2 la falta d&#8217;encert de cara a porta aix\u00ed com el gran treball del porter visitant van deixar a l&#8217;equip sense marcar. Un empat que sap a poc despr\u00e9s del bon treball realitzat.<\/p>\n<p>Partido muy trabado en Les Oliveres donde los colomenses jugaron muy bien pero la falta de acierto de cara a puerta as\u00ed como el gran trabajo del portero visitante dejaron al equipo sin marcar. Un empate que sabe a poco despu\u00e9s del buen trabajo realizado.<\/p>\n<p><a href=\"http:\/\/fegrama.cat\/web\/wp-content\/uploads\/2016\/10\/prebE.jpg\"><img loading=\"lazy\" decoding=\"async\" class=\"aligncenter\" alt=\"prebE\" src=\"http:\/\/fegrama.cat\/web\/wp-content\/uploads\/2016\/10\/prebE.jpg\" width=\"643\" height=\"384\" \/><\/a><strong><\/strong><\/p>\n<p><strong>PREBENJAM\u00cd E 5-1 CD Arrabal-Calaf de Gramenet C<br \/>\n<\/strong><\/p>\n<p>Bon partit de la Grama que va dominar en tot moment i va aconseguir bonics gols en jugades combinatives, i un de falta. La defensa es va mostrar molt s\u00f2lida. Els colomencs acaben la lliga en cinquena posici\u00f3 amb 18 punts i guanyant al tercer.<\/p>\n<p>Buen partido de la Grama que domin\u00f3 en todo momento y consigui\u00f3 bonitos goles en jugadas combinativas, y uno de falta. La defensa se mostr\u00f3 muy s\u00f3lida. Los colomenses terminan la liga en quinta posici\u00f3n con 18 puntos y ganando al tercero.<\/p>\n","protected":false},"excerpt":{"rendered":"<p>UE Sant Andreu 3-4 PREBENJAM\u00cd A Gran partit de la Grama davant el l\u00edder invicte de la lliga. Els colomencs van saber reposar-se a un 2-o i van aconseguir capgirar el marcador a l&#8217;inici de l&#8217;\u00faltim quart. El Sant Andreu va empatar per\u00f2 a tres minuts del final Ibrahim marcaria el gol de la vict\u00f2ria. [&hellip;]<\/p>\n","protected":false},"author":1,"featured_media":5821,"comment_status":"closed","ping_status":"closed","sticky":false,"template":"","format":"standard","meta":{"footnotes":""},"categories":[4,12],"tags":[24,802,130],"class_list":["post-19894","post","type-post","status-publish","format-standard","has-post-thumbnail","hentry","category-base-inclusiu","category-prebenjamins","tag-fundacio-esportiva-grama","tag-municipal-les-oliveres","tag-santa-coloma-de-gramenet"],"_links":{"self":[{"href":"http:\/\/fegrama.cat\/web\/wp-json\/wp\/v2\/posts\/19894","targetHints":{"allow":["GET"]}}],"collection":[{"href":"http:\/\/fegrama.cat\/web\/wp-json\/wp\/v2\/posts"}],"about":[{"href":"http:\/\/fegrama.cat\/web\/wp-json\/wp\/v2\/types\/post"}],"author":[{"embeddable":true,"href":"http:\/\/fegrama.cat\/web\/wp-json\/wp\/v2\/users\/1"}],"replies":[{"embeddable":true,"href":"http:\/\/fegrama.cat\/web\/wp-json\/wp\/v2\/comments?post=19894"}],"version-history":[{"count":2,"href":"http:\/\/fegrama.cat\/web\/wp-json\/wp\/v2\/posts\/19894\/revisions"}],"predecessor-version":[{"id":19906,"href":"http:\/\/fegrama.cat\/web\/wp-json\/wp\/v2\/posts\/19894\/revisions\/19906"}],"wp:featuredmedia":[{"embeddable":true,"href":"http:\/\/fegrama.cat\/web\/wp-json\/wp\/v2\/media\/5821"}],"wp:attachment":[{"href":"http:\/\/fegrama.cat\/web\/wp-json\/wp\/v2\/media?parent=19894"}],"wp:term":[{"taxonomy":"category","embeddable":true,"href":"http:\/\/fegrama.cat\/web\/wp-json\/wp\/v2\/categories?post=19894"},{"taxonomy":"post_tag","embeddable":true,"href":"http:\/\/fegrama.cat\/web\/wp-json\/wp\/v2\/tags?post=19894"}],"curies":[{"name":"wp","href":"https:\/\/api.w.org\/{rel}","templated":true}]}}