{"id":19857,"date":"2017-03-06T10:52:39","date_gmt":"2017-03-06T09:52:39","guid":{"rendered":"http:\/\/fegrama.cat\/web\/?p=19857"},"modified":"2017-03-06T10:52:39","modified_gmt":"2017-03-06T09:52:39","slug":"placida-victoria-del-benjami-b","status":"publish","type":"post","link":"http:\/\/fegrama.cat\/web\/placida-victoria-del-benjami-b\/","title":{"rendered":"Pl\u00e0cida vict\u00f2ria del Benjam\u00ed B"},"content":{"rendered":"<p>El Benjam\u00ed B va golejar 7-0 al FA Espluguenc, pen\u00faltim classificat.<\/p>\n<p>Quatre minuts\u00a0va necessitar la Grama per posar-se per davant, Cristian Malagon va ser el jugador que va inaugurar el marcador. Partit completament dominat per l&#8217;equip local que en cap moment va patir. Pl\u00e0cida vict\u00f2ria d&#8217;una Fundaci\u00f3 que va ser molt efectiva de cara a gol a la segona meitat. Jos\u00e9 Flores, David Romero amb dos gols, Yerik, Vincenzo i de nou Cristian Malagon van deixar un gran resultat.<\/p>\n<p><a href=\"http:\/\/fegrama.cat\/web\/wp-content\/uploads\/2016\/10\/benjB.jpg\"><img loading=\"lazy\" decoding=\"async\" class=\"aligncenter\" alt=\"benjB\" src=\"http:\/\/fegrama.cat\/web\/wp-content\/uploads\/2016\/10\/benjB.jpg\" width=\"556\" height=\"418\" \/><\/a><strong><\/strong><\/p>\n<p>El Benjam\u00edn B gole\u00f3 7-0 al FA Espluguenc, pen\u00faltimo clasificado.<\/p>\n<p>Cuatro minutos necesit\u00f3 la Grama para ponerse por delante, Cristian Malagon fue el jugador que inaugur\u00f3 el marcador. Partido completamente dominado por el equipo local que en ning\u00fan momento sufri\u00f3. Pl\u00e1cida victoria de una Fundaci\u00f3 que fue muy efectiva de cara a gol en la segunda mitad. Jos\u00e9 Flores, David Romero con dos goles, Yerik, Vincenzo y de nuevo Cristian Malagon dejaron un gran resultado.<\/p>\n","protected":false},"excerpt":{"rendered":"<p>El Benjam\u00ed B va golejar 7-0 al FA Espluguenc, pen\u00faltim classificat. Quatre minuts\u00a0va necessitar la Grama per posar-se per davant, Cristian Malagon va ser el jugador que va inaugurar el marcador. Partit completament dominat per l&#8217;equip local que en cap moment va patir. Pl\u00e0cida vict\u00f2ria d&#8217;una Fundaci\u00f3 que va ser molt efectiva de cara a [&hellip;]<\/p>\n","protected":false},"author":1,"featured_media":0,"comment_status":"closed","ping_status":"closed","sticky":false,"template":"","format":"standard","meta":{"footnotes":""},"categories":[4,11],"tags":[24,55],"class_list":["post-19857","post","type-post","status-publish","format-standard","hentry","category-base-inclusiu","category-benjamins","tag-fundacio-esportiva-grama","tag-nou-municipal-de-santa-coloma"],"_links":{"self":[{"href":"http:\/\/fegrama.cat\/web\/wp-json\/wp\/v2\/posts\/19857","targetHints":{"allow":["GET"]}}],"collection":[{"href":"http:\/\/fegrama.cat\/web\/wp-json\/wp\/v2\/posts"}],"about":[{"href":"http:\/\/fegrama.cat\/web\/wp-json\/wp\/v2\/types\/post"}],"author":[{"embeddable":true,"href":"http:\/\/fegrama.cat\/web\/wp-json\/wp\/v2\/users\/1"}],"replies":[{"embeddable":true,"href":"http:\/\/fegrama.cat\/web\/wp-json\/wp\/v2\/comments?post=19857"}],"version-history":[{"count":1,"href":"http:\/\/fegrama.cat\/web\/wp-json\/wp\/v2\/posts\/19857\/revisions"}],"predecessor-version":[{"id":19858,"href":"http:\/\/fegrama.cat\/web\/wp-json\/wp\/v2\/posts\/19857\/revisions\/19858"}],"wp:attachment":[{"href":"http:\/\/fegrama.cat\/web\/wp-json\/wp\/v2\/media?parent=19857"}],"wp:term":[{"taxonomy":"category","embeddable":true,"href":"http:\/\/fegrama.cat\/web\/wp-json\/wp\/v2\/categories?post=19857"},{"taxonomy":"post_tag","embeddable":true,"href":"http:\/\/fegrama.cat\/web\/wp-json\/wp\/v2\/tags?post=19857"}],"curies":[{"name":"wp","href":"https:\/\/api.w.org\/{rel}","templated":true}]}}