{"id":19853,"date":"2017-03-06T10:37:20","date_gmt":"2017-03-06T09:37:20","guid":{"rendered":"http:\/\/fegrama.cat\/web\/?p=19853"},"modified":"2017-03-06T10:37:20","modified_gmt":"2017-03-06T09:37:20","slug":"nova-victoria-de-lalevi-a","status":"publish","type":"post","link":"http:\/\/fegrama.cat\/web\/nova-victoria-de-lalevi-a\/","title":{"rendered":"Nova vict\u00f2ria de l&#8217;Alev\u00ed A"},"content":{"rendered":"<p>Segona vict\u00f2ria de la temporada, segona consecutiva i primera a casa. L&#8217;Alev\u00ed A va guanyar 3-1 al CF Argentona, un rival directe.<\/p>\n<p>Molt aviat, al minut 5, els colomencs es van posar per davant en el marcador amb un bon gol de Mario Rivera. Primers dos quarts d&#8217;igualtat sobre el terreny de joc, cap dels dos equips aconseguia tenir el control del partit. Defensivament la Grama va estar molt segura, sense concedir ocasions clares i sense patir, en canvi faltava definici\u00f3 en atac.<\/p>\n<p>En el segon temps el conjunt visitant va apretar a la recerca de l&#8217;empat, tancant en el seu camp a la Fundaci\u00f3 i creant molt perill. Dilan i els seus companys amb un gran treball van aconseguir no encaixar gol en el tercer quart. Quan mes patia l&#8217;equip local va arribar el gol\u00e0s de Jos\u00e9 Del Rio de falta directa.<\/p>\n<p>El 2-1 arribaria a l&#8217;\u00faltima part, malgrat acostar-se al marcador l&#8217;Argentona no va donar sensaci\u00f3 de poder empatar el xoc i finalment Jos\u00e9 Del R\u00edo, de nou de falta, va tancar la vict\u00f2ria del seu equip.<\/p>\n<p><a href=\"http:\/\/fegrama.cat\/web\/wp-content\/uploads\/2017\/02\/AA17.jpg\"><img loading=\"lazy\" decoding=\"async\" class=\"aligncenter\" alt=\"AA17\" src=\"http:\/\/fegrama.cat\/web\/wp-content\/uploads\/2017\/02\/AA17.jpg\" width=\"640\" height=\"570\" \/><\/a><\/p>\n<p>Segunda victoria de la temporada, segunda consecutiva y primera en casa. El Alev\u00edn A gan\u00f3 3-1 al CF Argentona, un rival directo.<\/p>\n<p>Muy pronto, en el minuto 5, los colomenses se pusieron por delante en el marcador con un buen gol de Mario Rivera. Primeros dos cuartos de igualdad sobre el terreno de juego, ninguno de los dos equipos consegu\u00eda tener el control del partido. Defensivamente la Grama estuvo muy segura, sin conceder ocasiones claras y sin sufrir, en cambio faltaba definici\u00f3n en ataque.<\/p>\n<p>En el segundo tiempo el conjunto visitante apret\u00f3 en busca del empate, encerrando en su campo a la Fundaci\u00f3 y creando mucho peligro. Dilan y sus compa\u00f1eros con un gran trabajo consiguieron no encajar gol en el tercer cuarto. Cuando mas sufr\u00eda el equipo local lleg\u00f3 el golazo de Jos\u00e9 Del R\u00edo de falta directa.<\/p>\n<p>El 2-1 llegar\u00eda en la \u00faltima parte, pese a acercarse en el marcador el Argentona no dio sensaci\u00f3n de poder empatar el choque y finalmente Jos\u00e9 Del R\u00edo, de nuevo de falta, cerr\u00f3 la victoria de su equipo.<\/p>\n","protected":false},"excerpt":{"rendered":"<p>Segona vict\u00f2ria de la temporada, segona consecutiva i primera a casa. L&#8217;Alev\u00ed A va guanyar 3-1 al CF Argentona, un rival directe. Molt aviat, al minut 5, els colomencs es van posar per davant en el marcador amb un bon gol de Mario Rivera. Primers dos quarts d&#8217;igualtat sobre el terreny de joc, cap dels [&hellip;]<\/p>\n","protected":false},"author":1,"featured_media":0,"comment_status":"closed","ping_status":"closed","sticky":false,"template":"","format":"standard","meta":{"footnotes":""},"categories":[10,4],"tags":[24,55],"class_list":["post-19853","post","type-post","status-publish","format-standard","hentry","category-alevins","category-base-inclusiu","tag-fundacio-esportiva-grama","tag-nou-municipal-de-santa-coloma"],"_links":{"self":[{"href":"http:\/\/fegrama.cat\/web\/wp-json\/wp\/v2\/posts\/19853","targetHints":{"allow":["GET"]}}],"collection":[{"href":"http:\/\/fegrama.cat\/web\/wp-json\/wp\/v2\/posts"}],"about":[{"href":"http:\/\/fegrama.cat\/web\/wp-json\/wp\/v2\/types\/post"}],"author":[{"embeddable":true,"href":"http:\/\/fegrama.cat\/web\/wp-json\/wp\/v2\/users\/1"}],"replies":[{"embeddable":true,"href":"http:\/\/fegrama.cat\/web\/wp-json\/wp\/v2\/comments?post=19853"}],"version-history":[{"count":1,"href":"http:\/\/fegrama.cat\/web\/wp-json\/wp\/v2\/posts\/19853\/revisions"}],"predecessor-version":[{"id":19854,"href":"http:\/\/fegrama.cat\/web\/wp-json\/wp\/v2\/posts\/19853\/revisions\/19854"}],"wp:attachment":[{"href":"http:\/\/fegrama.cat\/web\/wp-json\/wp\/v2\/media?parent=19853"}],"wp:term":[{"taxonomy":"category","embeddable":true,"href":"http:\/\/fegrama.cat\/web\/wp-json\/wp\/v2\/categories?post=19853"},{"taxonomy":"post_tag","embeddable":true,"href":"http:\/\/fegrama.cat\/web\/wp-json\/wp\/v2\/tags?post=19853"}],"curies":[{"name":"wp","href":"https:\/\/api.w.org\/{rel}","templated":true}]}}