{"id":19814,"date":"2017-03-02T13:55:52","date_gmt":"2017-03-02T12:55:52","guid":{"rendered":"http:\/\/fegrama.cat\/web\/?p=19814"},"modified":"2017-03-02T13:55:52","modified_gmt":"2017-03-02T12:55:52","slug":"14-minuts-de-somni-empat-del-juvenil-b","status":"publish","type":"post","link":"http:\/\/fegrama.cat\/web\/14-minuts-de-somni-empat-del-juvenil-b\/","title":{"rendered":"14 minuts de ensomni, empat del Juvenil B"},"content":{"rendered":"<p>El partit ajornat fa dues setmanes, jornada 17, es va reprendre ahir a la tarda. El Juvenil B va jugar els 14 minuts restants davant el CD Masnou.<\/p>\n<p>Des del escalfament els colomencs es mostraven conven\u00e7uts de treure alguna cosa positiva, i aix\u00ed ho van fer. Van ser 14 minuts de passi\u00f3, desig i voler, que es van transformar en una arrencada imparable. El partit es va reprendre amb 2-1 al marcador favorable a l&#8217;equip local i amb una falta lateral. A la segona acci\u00f3 Marcos va enviar una pilota al pal i en la segona jugada un gran centre de Mota el va rematar Ju\u00e1rez al fons de la xarxa.<\/p>\n<p>La Grama va ser el clar dominador, i fruit d&#8217;aix\u00f2 van arribar diverses opcions per fer el tercer gol. La manca de sort en algunes ocasions i la punteria en altres va impedir que els visitants es\u00a0portessin els tres punts. Gaireb\u00e9 un quart d&#8217;hora de ensomni on l&#8217;equip va demostrar de tot el que \u00e9s capa\u00e7.<\/p>\n<p><strong><a href=\"http:\/\/fegrama.cat\/web\/suspes-el-partit-del-juvenil-b-al-minut-76\/\" target=\"_blank\">CR\u00d2NICA FINS AL MINUT 76<\/a><\/strong><\/p>\n<p>[divider]<\/p>\n<p>El partido aplazado hace dos semanas, jornada 17, se reanud\u00f3 ayer por la tarde. El Juvenil B jug\u00f3 los 14 minutos restantes ante el CD Masnou.<\/p>\n<p>Desde el calentamiento los colomenses se mostraban convencidos de sacar algo positivo, y as\u00ed lo hicieron. Fueron 14 minutos de pasi\u00f3n, deseo y querer, que se transformaron en un arranque arrollador. El partido se reanud\u00f3 con 2-1 en el marcador favorable al equipo local y con una falta lateral. En la segunda acci\u00f3n Marcos mand\u00f3 un bal\u00f3n al palo y en la segunda jugada un gran centro de Mota lo remat\u00f3 Ju\u00e1rez al fondo de la red.<\/p>\n<p>La Grama fue el claro dominador, y fruto de ello llegaron varias opciones para hacer el tercer gol. La falta de suerte en algunas ocasiones y la punter\u00eda en otras impidi\u00f3 que los visitantes se llevaran los tres puntos. Casi un cuarto de hora de ensue\u00f1o donde el equipo demostr\u00f3 de todo lo que es capaz.<\/p>\n<p><strong><a href=\"http:\/\/fegrama.cat\/web\/suspes-el-partit-del-juvenil-b-al-minut-76\/\" target=\"_blank\">CR\u00d3NICA HASTA MINUTO 76<\/a><\/strong><\/p>\n","protected":false},"excerpt":{"rendered":"<p>El partit ajornat fa dues setmanes, jornada 17, es va reprendre ahir a la tarda. El Juvenil B va jugar els 14 minuts restants davant el CD Masnou. Des del escalfament els colomencs es mostraven conven\u00e7uts de treure alguna cosa positiva, i aix\u00ed ho van fer. Van ser 14 minuts de passi\u00f3, desig i voler, [&hellip;]<\/p>\n","protected":false},"author":1,"featured_media":17877,"comment_status":"closed","ping_status":"closed","sticky":false,"template":"","format":"standard","meta":{"footnotes":""},"categories":[4,6],"tags":[24],"class_list":["post-19814","post","type-post","status-publish","format-standard","has-post-thumbnail","hentry","category-base-inclusiu","category-juvenils","tag-fundacio-esportiva-grama"],"_links":{"self":[{"href":"http:\/\/fegrama.cat\/web\/wp-json\/wp\/v2\/posts\/19814","targetHints":{"allow":["GET"]}}],"collection":[{"href":"http:\/\/fegrama.cat\/web\/wp-json\/wp\/v2\/posts"}],"about":[{"href":"http:\/\/fegrama.cat\/web\/wp-json\/wp\/v2\/types\/post"}],"author":[{"embeddable":true,"href":"http:\/\/fegrama.cat\/web\/wp-json\/wp\/v2\/users\/1"}],"replies":[{"embeddable":true,"href":"http:\/\/fegrama.cat\/web\/wp-json\/wp\/v2\/comments?post=19814"}],"version-history":[{"count":1,"href":"http:\/\/fegrama.cat\/web\/wp-json\/wp\/v2\/posts\/19814\/revisions"}],"predecessor-version":[{"id":19817,"href":"http:\/\/fegrama.cat\/web\/wp-json\/wp\/v2\/posts\/19814\/revisions\/19817"}],"wp:featuredmedia":[{"embeddable":true,"href":"http:\/\/fegrama.cat\/web\/wp-json\/wp\/v2\/media\/17877"}],"wp:attachment":[{"href":"http:\/\/fegrama.cat\/web\/wp-json\/wp\/v2\/media?parent=19814"}],"wp:term":[{"taxonomy":"category","embeddable":true,"href":"http:\/\/fegrama.cat\/web\/wp-json\/wp\/v2\/categories?post=19814"},{"taxonomy":"post_tag","embeddable":true,"href":"http:\/\/fegrama.cat\/web\/wp-json\/wp\/v2\/tags?post=19814"}],"curies":[{"name":"wp","href":"https:\/\/api.w.org\/{rel}","templated":true}]}}