{"id":19807,"date":"2017-03-03T09:49:41","date_gmt":"2017-03-03T08:49:41","guid":{"rendered":"http:\/\/fegrama.cat\/web\/?p=19807"},"modified":"2017-03-03T09:49:41","modified_gmt":"2017-03-03T08:49:41","slug":"previes-dels-equips-benjamins-4-i-5-de-marc","status":"publish","type":"post","link":"http:\/\/fegrama.cat\/web\/previes-dels-equips-benjamins-4-i-5-de-marc\/","title":{"rendered":"Pr\u00e8vies dels equips Benjamins (4 i 5 de mar\u00e7)"},"content":{"rendered":"<p><a href=\"http:\/\/fegrama.cat\/web\/wp-content\/uploads\/2016\/10\/benjA.jpg\"><img loading=\"lazy\" decoding=\"async\" class=\"aligncenter\" alt=\"benjA\" src=\"http:\/\/fegrama.cat\/web\/wp-content\/uploads\/2016\/10\/benjA.jpg\" width=\"557\" height=\"417\" \/><\/a><\/p>\n<p><strong>BENJAM\u00cd A\u00a0<\/strong><\/p>\n<p>L&#8217;equip de Carlos i Carles Mart\u00edn juga diumenge a les 10 hores a casa. Els colomencs s&#8217;enfronten al CD Masnou, l&#8217;equip que marca el descens amb 11 punts menys que la Grama. Treure els tres punts ser\u00e0 una cosa important de cara a tenir la perman\u00e8ncia el m\u00e9s aviat possible.<\/p>\n<p>El equipo de Carlos y Carles Mart\u00edn juega el domingo a las 10 horas en casa. Los colomenses se enfrentan al CD Masnou, el equipo que marca el descenso con 11 puntos menos que la Grama. Sacar los tres puntos ser\u00e1 algo importante de cara a tener la permanencia lo antes posible.<\/p>\n<p><a href=\"http:\/\/fegrama.cat\/web\/wp-content\/uploads\/2016\/10\/benjB.jpg\"><img loading=\"lazy\" decoding=\"async\" class=\"aligncenter\" alt=\"benjB\" src=\"http:\/\/fegrama.cat\/web\/wp-content\/uploads\/2016\/10\/benjB.jpg\" width=\"556\" height=\"418\" \/><\/a><strong>BENJAM\u00cd B<\/strong><\/p>\n<p>Els nois de Marcos D\u00edaz segueixen 1 punt per darrere del l\u00edder i aquesta jornada buscaran una nova vict\u00f2ria que els mantinguin a la part alta de la lliga. Dissabte a les 09:30 hores s&#8217;enfronten al FA Espluguenc, pen\u00faltim classificat.<\/p>\n<p>Los chicos de Marcos D\u00edaz siguen 1 punto por detr\u00e1s del l\u00edder y esta jornada buscar\u00e1n una nueva victoria que les mantengan en lo alto de la liga. El s\u00e1bado a las 09:30 horas se enfrentan al FA Espluguenc, pen\u00faltimo clasificado.<\/p>\n<div><a href=\"http:\/\/fegrama.cat\/web\/wp-content\/uploads\/2016\/11\/BC.jpg\"><img loading=\"lazy\" decoding=\"async\" class=\"aligncenter\" alt=\"BC\" src=\"http:\/\/fegrama.cat\/web\/wp-content\/uploads\/2016\/11\/BC.jpg\" width=\"560\" height=\"478\" \/><\/a><strong><\/strong><\/div>\n<div><strong>BENJAM\u00cd C<\/strong><\/div>\n<p>El conjunt dirigit per Juanma Amate i Xavi Jim\u00e9nez visita el Municipal Feliu i Codina dissabte a les 10:15 hores. Els locals, U.At.Horta B, t\u00e9 tres punts menys que la Fundaci\u00f3.<\/p>\n<p>El conjunto dirigido por Juanma Amate y Xavi Jim\u00e9nez visita el Municipal Feliu i Codina el s\u00e1bado a las 10:15 horas. Los locales, U.At.Horta B, tiene tres puntos menos que la Fundaci\u00f3.<\/p>\n<p><a href=\"http:\/\/fegrama.cat\/web\/wp-content\/uploads\/2016\/11\/BD.jpg\"><img loading=\"lazy\" decoding=\"async\" class=\"aligncenter\" alt=\"BD\" src=\"http:\/\/fegrama.cat\/web\/wp-content\/uploads\/2016\/11\/BD.jpg\" width=\"551\" height=\"476\" \/><\/a><strong>BENJAM\u00cd D<\/strong><\/p>\n<p>L&#8217;equip de Juan Carlos Espinosa juga dissabte a les 11:15 hores al Camp de Futbol de L&#8217;Energia. El seu rival ser\u00e0 el SE Mercat Nou Mag\u00f2ria B, equip de la part baixa de la classificaci\u00f3.<\/p>\n<p>El equipo de Juan Carlos Espinosa juega el s\u00e1bado a las 11:15 horas en el Camp de Futbol de L&#8217;Energia. Su rival ser\u00e1 el SE Mercat Nou Mag\u00f2ria B, equipo de la parte baja de la clasificaci\u00f3n.<\/p>\n<p><a href=\"http:\/\/fegrama.cat\/web\/wp-content\/uploads\/2016\/11\/BE.jpg\"><img loading=\"lazy\" decoding=\"async\" class=\"aligncenter\" alt=\"BE\" src=\"http:\/\/fegrama.cat\/web\/wp-content\/uploads\/2016\/11\/BE.jpg\" width=\"538\" height=\"387\" \/><\/a><strong>BENJAM\u00cd E<\/strong><\/p>\n<p>Els d&#8217;Alejandro Rosa juguen dissabte a les 13:30 hores al Municipal de Les Oliveres. El seu rival ser\u00e0 l&#8217;AE PB Collblanc Sants D, cuer de la lliga.<\/p>\n<p>Los de Alejandro Rosa juegan el s\u00e1bado a las 13:30 horas en el Municipal de Les Oliveres. Su rival ser\u00e1 la AE PB Collblanc Sants D, colista de la liga.<\/p>\n<div><a href=\"http:\/\/fegrama.cat\/web\/wp-content\/uploads\/2016\/12\/BF.jpg\"><img loading=\"lazy\" decoding=\"async\" class=\"aligncenter\" alt=\"BF\" src=\"http:\/\/fegrama.cat\/web\/wp-content\/uploads\/2016\/12\/BF.jpg\" width=\"560\" height=\"486\" \/><\/a><strong><\/strong><\/div>\n<div><strong>BENJAM\u00cd F<\/strong><\/div>\n<p>Els nois d&#8217;Alejandro \u00c1lvarez tenen per davant un partit important per deixar d&#8217;estar empatat a punts amb el cuer. Dissabte a les 13:15 hores al Complex Esportiu Fort-Pienc s&#8217;enfronten a la UD Parc. S&#8217;enfronten l&#8217;equip que m\u00e9s gols ha encaixat contra el que menys ha marcat, a la primera volta van empatar (3-3).<\/p>\n<p>Los chicos de Alejandro \u00c1lvarez tienen por delante un partido importante para dejar de estar empatado a puntos con el colista. El s\u00e1bado a las 13:15 horas en el Complejo Deportivo Fort-Pienc se enfrentan a la UD Parc. Se enfrentan el equipo que m\u00e1s goles ha encajado contra el que menos ha marcado, en la primera vuelta empataron (3-3).<\/p>\n","protected":false},"excerpt":{"rendered":"<p>BENJAM\u00cd A\u00a0 L&#8217;equip de Carlos i Carles Mart\u00edn juga diumenge a les 10 hores a casa. Els colomencs s&#8217;enfronten al CD Masnou, l&#8217;equip que marca el descens amb 11 punts menys que la Grama. Treure els tres punts ser\u00e0 una cosa important de cara a tenir la perman\u00e8ncia el m\u00e9s aviat possible. El equipo de [&hellip;]<\/p>\n","protected":false},"author":1,"featured_media":10727,"comment_status":"closed","ping_status":"closed","sticky":false,"template":"","format":"standard","meta":{"footnotes":""},"categories":[4,11],"tags":[24,802,55],"class_list":["post-19807","post","type-post","status-publish","format-standard","has-post-thumbnail","hentry","category-base-inclusiu","category-benjamins","tag-fundacio-esportiva-grama","tag-municipal-les-oliveres","tag-nou-municipal-de-santa-coloma"],"_links":{"self":[{"href":"http:\/\/fegrama.cat\/web\/wp-json\/wp\/v2\/posts\/19807","targetHints":{"allow":["GET"]}}],"collection":[{"href":"http:\/\/fegrama.cat\/web\/wp-json\/wp\/v2\/posts"}],"about":[{"href":"http:\/\/fegrama.cat\/web\/wp-json\/wp\/v2\/types\/post"}],"author":[{"embeddable":true,"href":"http:\/\/fegrama.cat\/web\/wp-json\/wp\/v2\/users\/1"}],"replies":[{"embeddable":true,"href":"http:\/\/fegrama.cat\/web\/wp-json\/wp\/v2\/comments?post=19807"}],"version-history":[{"count":2,"href":"http:\/\/fegrama.cat\/web\/wp-json\/wp\/v2\/posts\/19807\/revisions"}],"predecessor-version":[{"id":19838,"href":"http:\/\/fegrama.cat\/web\/wp-json\/wp\/v2\/posts\/19807\/revisions\/19838"}],"wp:featuredmedia":[{"embeddable":true,"href":"http:\/\/fegrama.cat\/web\/wp-json\/wp\/v2\/media\/10727"}],"wp:attachment":[{"href":"http:\/\/fegrama.cat\/web\/wp-json\/wp\/v2\/media?parent=19807"}],"wp:term":[{"taxonomy":"category","embeddable":true,"href":"http:\/\/fegrama.cat\/web\/wp-json\/wp\/v2\/categories?post=19807"},{"taxonomy":"post_tag","embeddable":true,"href":"http:\/\/fegrama.cat\/web\/wp-json\/wp\/v2\/tags?post=19807"}],"curies":[{"name":"wp","href":"https:\/\/api.w.org\/{rel}","templated":true}]}}