{"id":19805,"date":"2017-03-03T09:48:46","date_gmt":"2017-03-03T08:48:46","guid":{"rendered":"http:\/\/fegrama.cat\/web\/?p=19805"},"modified":"2017-03-03T09:48:46","modified_gmt":"2017-03-03T08:48:46","slug":"previes-dels-equips-alevins-4-i-5-de-marc","status":"publish","type":"post","link":"http:\/\/fegrama.cat\/web\/previes-dels-equips-alevins-4-i-5-de-marc\/","title":{"rendered":"Pr\u00e8vies dels equips Alevins (4 i 5 de mar\u00e7)"},"content":{"rendered":"<p><a href=\"http:\/\/fegrama.cat\/web\/wp-content\/uploads\/2016\/11\/AB.jpg\"><img loading=\"lazy\" decoding=\"async\" class=\"aligncenter\" alt=\"AB\" src=\"http:\/\/fegrama.cat\/web\/wp-content\/uploads\/2016\/11\/AB.jpg\" width=\"560\" height=\"500\" \/><\/a><strong>ALEV\u00cd B<\/strong><\/p>\n<p>Els d&#8217;Alberto Mora\u00f1o es troben a sis punts de sortir del descens i necessiten sumar punts de tot arreu. Dissabte a les 09 hores al Poliesportiu Olimpya s&#8217;enfrontaran al CE Sabadell B, set\u00e8 classificat.<\/p>\n<p>Los de Alberto Mora\u00f1o se encuentran a seis puntos de salir del descenso y necesitan sumar puntos de todas partes. El s\u00e1bado a las 09 horas en el Polideportivo Olimpya se enfrentar\u00e1n al CE Sabadell B, s\u00e9ptimo clasificado.<\/p>\n<p><img loading=\"lazy\" decoding=\"async\" class=\"aligncenter\" alt=\"IMG-20161015-WA0011\" src=\"http:\/\/fegrama.cat\/web\/wp-content\/uploads\/2016\/10\/IMG-20161015-WA0011.jpg\" width=\"717\" height=\"403\" \/><\/p>\n<p><strong>ALEV\u00cd C<\/strong><\/p>\n<p>Els nois de V\u00edctor D\u00edaz viatjaran a Badia dissabte a les 10 hores amb la idea de posar les coses complicades al tercer classificat de la classificaci\u00f3 (CD Badia del Vall\u00e8s).<\/p>\n<p>Los chicos de V\u00edctor D\u00edaz viajar\u00e1n a Badia el s\u00e1bado a las 10 horas con la idea de poner las cosas complicadas al tercer clasificado de la clasificaci\u00f3n (CD Badia del Vall\u00e8s).<\/p>\n<p><a href=\"http:\/\/fegrama.cat\/web\/wp-content\/uploads\/2016\/11\/aleD.jpg\"><img loading=\"lazy\" decoding=\"async\" class=\"aligncenter\" alt=\"aleD\" src=\"http:\/\/fegrama.cat\/web\/wp-content\/uploads\/2016\/11\/aleD.jpg\" width=\"594\" height=\"518\" \/><\/a><strong><\/strong><\/p>\n<p><strong>ALEV\u00cd D<\/strong><\/p>\n<p>El conjunt dirigit per Ra\u00fal Ru\u00edz i Brian Jim\u00e9nez juga diumenge a les 09 hores en el Nou Municipal. El seu rival ser\u00e0 el Trajana-PB Sant Just, un cinqu\u00e8 classificat que lluita per aconseguir el segon lloc.<\/p>\n<p>El conjunto dirigido por Ra\u00fal Ru\u00edz y Brian Jim\u00e9nez juega el domingo a las 09 horas en el Nou Municipal. Su rival ser\u00e1 la Trajana-PB Sant Just, un quinto clasificado que lucha por alcanzar el segundo puesto.<\/p>\n<p><a href=\"http:\/\/fegrama.cat\/web\/wp-content\/uploads\/2016\/10\/alevE.jpg\"><img loading=\"lazy\" decoding=\"async\" class=\"aligncenter\" alt=\"alevE\" src=\"http:\/\/fegrama.cat\/web\/wp-content\/uploads\/2016\/10\/alevE.jpg\" width=\"634\" height=\"433\" \/><\/a><\/p>\n<p><strong>ALEV\u00cd E<\/strong><\/p>\n<div id=\"gt-src-p\">\n<div id=\"gt-src-wrap\">\n<div>L&#8217;equip de Jos\u00e9 Maria Tiz\u00f3n visita la Zona Esportiva Can Cabanyes el diumenge a les 09 hores. L&#8217;equip local, CF Sitrells F, \u00e9s a la part baixa de la classificaci\u00f3 i \u00e9s el segon que m\u00e9s gols ha rebut (132 gols).<\/div>\n<div><\/div>\n<div>El equipo de Jos\u00e9 Maria Tiz\u00f3n visita la Zona Esportiva Can Cabanyes el domingo a las 09 horas. El equipo local, CF Sitrells F, est\u00e1 en la parte baja de la clasificaci\u00f3n y es el segundo que m\u00e1s goles ha recibido (132 goles).<\/div>\n<div><\/div>\n<div><a href=\"http:\/\/fegrama.cat\/web\/wp-content\/uploads\/2016\/11\/AF.jpg\"><img loading=\"lazy\" decoding=\"async\" class=\"aligncenter\" alt=\"AF\" src=\"http:\/\/fegrama.cat\/web\/wp-content\/uploads\/2016\/11\/AF.jpg\" width=\"560\" height=\"470\" \/><\/a><\/div>\n<div><strong>ALEV\u00cd F<\/strong><\/div>\n<\/div>\n<\/div>\n<p>L&#8217;equip dirigit per Jacob Ferrer i Jordi Xatart juga a Badalona el dissabte a les 09:30 hores. El seu rival ser\u00e0 el CF Sistrells D, de la part baixa de la classificaci\u00f3 per\u00f2 nom\u00e9s ha perdut 1 dels seus \u00faltims 5 partits.<\/p>\n<p>El equipo dirigido por Jacob Ferrer\u00a0y\u00a0Jordi Xatart juega en Badalona el s\u00e1bado a las 09:30 horas. Su rival ser\u00e1 el CF Sistrells D, de la parte baja de la clasificaci\u00f3n pero s\u00f3lo ha perdido 1 de sus \u00faltimos 5 partidos.<\/p>\n<div><a href=\"http:\/\/fegrama.cat\/web\/wp-content\/uploads\/2016\/11\/AG.jpg\"><img loading=\"lazy\" decoding=\"async\" class=\"aligncenter\" alt=\"AG\" src=\"http:\/\/fegrama.cat\/web\/wp-content\/uploads\/2016\/11\/AG.jpg\" width=\"550\" height=\"354\" \/><\/a><strong><\/strong><\/div>\n<div><strong>ALEV\u00cd G<\/strong><\/div>\n<div><\/div>\n<div>Els nois de Daniel Zambrana juguen dissabte a les 15 hores a Les Oliveres. Els colomencs s&#8217;enfronten al CE Unificaci\u00f3 Ciutat Meridiana C, equip que t\u00e9 11 punts menys que la Grama.<\/div>\n<div><\/div>\n<div>Los chicos de Daniel Zambrana juegan el s\u00e1bado a las 15 horas en Les Oliveres. Los colomenses se enfrentan al CE Unificaci\u00f3 Ciutat Meridiana C, equipo que tiene 11 puntos menos que la Grama.<\/div>\n","protected":false},"excerpt":{"rendered":"<p>ALEV\u00cd B Els d&#8217;Alberto Mora\u00f1o es troben a sis punts de sortir del descens i necessiten sumar punts de tot arreu. Dissabte a les 09 hores al Poliesportiu Olimpya s&#8217;enfrontaran al CE Sabadell B, set\u00e8 classificat. Los de Alberto Mora\u00f1o se encuentran a seis puntos de salir del descenso y necesitan sumar puntos de todas [&hellip;]<\/p>\n","protected":false},"author":1,"featured_media":9647,"comment_status":"closed","ping_status":"closed","sticky":false,"template":"","format":"standard","meta":{"footnotes":""},"categories":[10,4],"tags":[24,802,55],"class_list":["post-19805","post","type-post","status-publish","format-standard","has-post-thumbnail","hentry","category-alevins","category-base-inclusiu","tag-fundacio-esportiva-grama","tag-municipal-les-oliveres","tag-nou-municipal-de-santa-coloma"],"_links":{"self":[{"href":"http:\/\/fegrama.cat\/web\/wp-json\/wp\/v2\/posts\/19805","targetHints":{"allow":["GET"]}}],"collection":[{"href":"http:\/\/fegrama.cat\/web\/wp-json\/wp\/v2\/posts"}],"about":[{"href":"http:\/\/fegrama.cat\/web\/wp-json\/wp\/v2\/types\/post"}],"author":[{"embeddable":true,"href":"http:\/\/fegrama.cat\/web\/wp-json\/wp\/v2\/users\/1"}],"replies":[{"embeddable":true,"href":"http:\/\/fegrama.cat\/web\/wp-json\/wp\/v2\/comments?post=19805"}],"version-history":[{"count":1,"href":"http:\/\/fegrama.cat\/web\/wp-json\/wp\/v2\/posts\/19805\/revisions"}],"predecessor-version":[{"id":19806,"href":"http:\/\/fegrama.cat\/web\/wp-json\/wp\/v2\/posts\/19805\/revisions\/19806"}],"wp:featuredmedia":[{"embeddable":true,"href":"http:\/\/fegrama.cat\/web\/wp-json\/wp\/v2\/media\/9647"}],"wp:attachment":[{"href":"http:\/\/fegrama.cat\/web\/wp-json\/wp\/v2\/media?parent=19805"}],"wp:term":[{"taxonomy":"category","embeddable":true,"href":"http:\/\/fegrama.cat\/web\/wp-json\/wp\/v2\/categories?post=19805"},{"taxonomy":"post_tag","embeddable":true,"href":"http:\/\/fegrama.cat\/web\/wp-json\/wp\/v2\/tags?post=19805"}],"curies":[{"name":"wp","href":"https:\/\/api.w.org\/{rel}","templated":true}]}}