{"id":19587,"date":"2017-02-12T17:04:30","date_gmt":"2017-02-12T16:04:30","guid":{"rendered":"http:\/\/fegrama.cat\/web\/?p=19587"},"modified":"2017-02-12T17:04:30","modified_gmt":"2017-02-12T16:04:30","slug":"lalevi-g-va-caure-a-les-oliveres-3","status":"publish","type":"post","link":"http:\/\/fegrama.cat\/web\/lalevi-g-va-caure-a-les-oliveres-3\/","title":{"rendered":"L&#8217;Alev\u00ed G va caure a Les Oliveres"},"content":{"rendered":"<p>A Les Oliveres l&#8217;Alev\u00ed G va patir una derrota per 4-6 davant el CE APA Poble Sec B.<\/p>\n<p>Sense fortuna de cara a gol, la Grama va tenir moltes arribades a l&#8217;\u00e0rea visitant per\u00f2 el seu rival va ser m\u00e9s efectiu. El primer xut del Poble Sec acabaria en el 0-1 i a dos minuts per arribar al descans Kilian va empatar. Els locals van jugar b\u00e9 per\u00f2 la superioritat dels nens de segon any de l&#8217;APA s&#8217;acabaria notant amb dos gols.<\/p>\n<p>V\u00edctor ficaria de nou en el partit amb el 2-3 per\u00f2 el seu equip va patir un contratemps quan el porter Arnau es va lesionar, Jon va haver de posar-se de porter, i poc despr\u00e9s l&#8217;\u00e0rbitre va expulsar H\u00e8ctor. Amb 6 jugadors els locals van posar molta obstinaci\u00f3 i ganes per\u00f2 van acabar perdent.<\/p>\n<p><a href=\"http:\/\/fegrama.cat\/web\/wp-content\/uploads\/2017\/02\/photo.jpg\"><img loading=\"lazy\" decoding=\"async\" class=\"aligncenter size-full wp-image-19588\" alt=\"photo\" src=\"http:\/\/fegrama.cat\/web\/wp-content\/uploads\/2017\/02\/photo.jpg\" width=\"638\" height=\"700\" \/><\/a><\/p>\n<p>En Les Oliveres el Alev\u00edn G sufri\u00f3 una derrota por 4-6 ante el CE APA Poble Sec B.<\/p>\n<p>Sin fortuna de cara a gol, la Grama tuvo muchas llegadas al \u00e1rea visitante pero su rival fue m\u00e1s efectivo. El primer chute del Poble Sec acabar\u00eda en el 0-1 y a dos minutos para llegar al descanso Kilian empat\u00f3. Los locales jugaron bien pero la superioridad de los ni\u00f1os de segundo a\u00f1o del APA se acabar\u00eda notando con dos goles.<\/p>\n<p>V\u00edctor meter\u00eda de nuevo en el partido con el 2-3 pero su equipo sufri\u00f3 un contratiempo cuando el portero Arnau se lesion\u00f3, Jon tuvo que ponerse de portero, y poco despu\u00e9s el \u00e1rbitro expuls\u00f3 a H\u00e9ctor. Con 6 jugadores los locales pusieron mucho empe\u00f1o y ganas pero acabaron perdiendo.<\/p>\n","protected":false},"excerpt":{"rendered":"<p>A Les Oliveres l&#8217;Alev\u00ed G va patir una derrota per 4-6 davant el CE APA Poble Sec B. Sense fortuna de cara a gol, la Grama va tenir moltes arribades a l&#8217;\u00e0rea visitant per\u00f2 el seu rival va ser m\u00e9s efectiu. El primer xut del Poble Sec acabaria en el 0-1 i a dos minuts [&hellip;]<\/p>\n","protected":false},"author":1,"featured_media":0,"comment_status":"closed","ping_status":"closed","sticky":false,"template":"","format":"standard","meta":{"footnotes":""},"categories":[10,4],"tags":[24,802],"class_list":["post-19587","post","type-post","status-publish","format-standard","hentry","category-alevins","category-base-inclusiu","tag-fundacio-esportiva-grama","tag-municipal-les-oliveres"],"_links":{"self":[{"href":"http:\/\/fegrama.cat\/web\/wp-json\/wp\/v2\/posts\/19587","targetHints":{"allow":["GET"]}}],"collection":[{"href":"http:\/\/fegrama.cat\/web\/wp-json\/wp\/v2\/posts"}],"about":[{"href":"http:\/\/fegrama.cat\/web\/wp-json\/wp\/v2\/types\/post"}],"author":[{"embeddable":true,"href":"http:\/\/fegrama.cat\/web\/wp-json\/wp\/v2\/users\/1"}],"replies":[{"embeddable":true,"href":"http:\/\/fegrama.cat\/web\/wp-json\/wp\/v2\/comments?post=19587"}],"version-history":[{"count":1,"href":"http:\/\/fegrama.cat\/web\/wp-json\/wp\/v2\/posts\/19587\/revisions"}],"predecessor-version":[{"id":19589,"href":"http:\/\/fegrama.cat\/web\/wp-json\/wp\/v2\/posts\/19587\/revisions\/19589"}],"wp:attachment":[{"href":"http:\/\/fegrama.cat\/web\/wp-json\/wp\/v2\/media?parent=19587"}],"wp:term":[{"taxonomy":"category","embeddable":true,"href":"http:\/\/fegrama.cat\/web\/wp-json\/wp\/v2\/categories?post=19587"},{"taxonomy":"post_tag","embeddable":true,"href":"http:\/\/fegrama.cat\/web\/wp-json\/wp\/v2\/tags?post=19587"}],"curies":[{"name":"wp","href":"https:\/\/api.w.org\/{rel}","templated":true}]}}