{"id":19485,"date":"2017-02-05T17:51:55","date_gmt":"2017-02-05T16:51:55","guid":{"rendered":"http:\/\/fegrama.cat\/web\/?p=19485"},"modified":"2017-02-05T17:51:55","modified_gmt":"2017-02-05T16:51:55","slug":"golejada-a-montgat-del-cadet-b","status":"publish","type":"post","link":"http:\/\/fegrama.cat\/web\/golejada-a-montgat-del-cadet-b\/","title":{"rendered":"Golejada a Montgat del Cadet B"},"content":{"rendered":"<p>El Cadet B va guanyar 0-4 a la FP Hermes B.<\/p>\n<p>Bon partit de la Grama que va anar de menys a m\u00e9s i en la primera part van dominar i es van posar per davant en el marcador. Despr\u00e9s de diverses ocasions de gol Joel va marcar l&#8217;1-0 i tres minuts m\u00e9s tard Iv\u00e1n faria el segon. Tot i la difer\u00e8ncia la Hermes no es va rendir i va ser a la recerca del gol. L&#8217;encert d&#8217;\u00c1lvaro en porteria va evitar que s&#8217;enganxaran els locals en el partit.<\/p>\n<p>A la segona meitat l&#8217;expulsi\u00f3 per doble groga deixava a la Fundaci\u00f3 amb un menys. Despr\u00e9s d&#8217;uns minuts de dubtes dels colomencs es van posar la granota de treball, jugant millor que el rival i augmentant l&#8217;avantatge amb gol de Maru. Rub\u00e9n amb un xut des de fora de l&#8217;\u00e0rea va fer el definitiu 0-4.<\/p>\n<p><a href=\"http:\/\/fegrama.cat\/web\/wp-content\/uploads\/2016\/11\/CB.jpg\"><img loading=\"lazy\" decoding=\"async\" class=\"aligncenter\" alt=\"CB\" src=\"http:\/\/fegrama.cat\/web\/wp-content\/uploads\/2016\/11\/CB.jpg\" width=\"624\" height=\"494\" \/><\/a><\/p>\n<p>El Cadete B gan\u00f3 0-4 a la FP Hermes B.<\/p>\n<p>Buen partido de la Grama que fue de menos a m\u00e1s y en la primera parte dominaron y se pusieron por delante en el marcador. Tras varias ocasiones de gol Joel marc\u00f3 el 1-0 y tres minutos m\u00e1s tarde Iv\u00e1n har\u00eda el segundo. Pese a la diferencia la Hermes no se rindi\u00f3 y fue en busca del gol. El acierto de \u00c1lvaro en porter\u00eda evit\u00f3 que se enganchar\u00e1n los locales en el partido.<\/p>\n<p>En la segunda mitad la expulsi\u00f3n por doble amarilla dejaba a la Fundaci\u00f3 con uno menos. Tras unos minutos de dudas los colomenses se pusieron el mono de trabajo, jugando mejor que el rival y aumentando la ventaja con gol de Maru. Rub\u00e9n con un tiro desde fuera del \u00e1rea hizo el definitivo 0-4.<\/p>\n","protected":false},"excerpt":{"rendered":"<p>El Cadet B va guanyar 0-4 a la FP Hermes B. Bon partit de la Grama que va anar de menys a m\u00e9s i en la primera part van dominar i es van posar per davant en el marcador. Despr\u00e9s de diverses ocasions de gol Joel va marcar l&#8217;1-0 i tres minuts m\u00e9s tard Iv\u00e1n [&hellip;]<\/p>\n","protected":false},"author":1,"featured_media":18379,"comment_status":"closed","ping_status":"closed","sticky":false,"template":"","format":"standard","meta":{"footnotes":""},"categories":[4,7],"tags":[],"class_list":["post-19485","post","type-post","status-publish","format-standard","has-post-thumbnail","hentry","category-base-inclusiu","category-cadets"],"_links":{"self":[{"href":"http:\/\/fegrama.cat\/web\/wp-json\/wp\/v2\/posts\/19485","targetHints":{"allow":["GET"]}}],"collection":[{"href":"http:\/\/fegrama.cat\/web\/wp-json\/wp\/v2\/posts"}],"about":[{"href":"http:\/\/fegrama.cat\/web\/wp-json\/wp\/v2\/types\/post"}],"author":[{"embeddable":true,"href":"http:\/\/fegrama.cat\/web\/wp-json\/wp\/v2\/users\/1"}],"replies":[{"embeddable":true,"href":"http:\/\/fegrama.cat\/web\/wp-json\/wp\/v2\/comments?post=19485"}],"version-history":[{"count":1,"href":"http:\/\/fegrama.cat\/web\/wp-json\/wp\/v2\/posts\/19485\/revisions"}],"predecessor-version":[{"id":19486,"href":"http:\/\/fegrama.cat\/web\/wp-json\/wp\/v2\/posts\/19485\/revisions\/19486"}],"wp:featuredmedia":[{"embeddable":true,"href":"http:\/\/fegrama.cat\/web\/wp-json\/wp\/v2\/media\/18379"}],"wp:attachment":[{"href":"http:\/\/fegrama.cat\/web\/wp-json\/wp\/v2\/media?parent=19485"}],"wp:term":[{"taxonomy":"category","embeddable":true,"href":"http:\/\/fegrama.cat\/web\/wp-json\/wp\/v2\/categories?post=19485"},{"taxonomy":"post_tag","embeddable":true,"href":"http:\/\/fegrama.cat\/web\/wp-json\/wp\/v2\/tags?post=19485"}],"curies":[{"name":"wp","href":"https:\/\/api.w.org\/{rel}","templated":true}]}}