{"id":19483,"date":"2017-02-05T17:45:10","date_gmt":"2017-02-05T16:45:10","guid":{"rendered":"http:\/\/fegrama.cat\/web\/?p=19483"},"modified":"2017-02-05T17:45:10","modified_gmt":"2017-02-05T16:45:10","slug":"victoria-del-cadet-c-al-colista","status":"publish","type":"post","link":"http:\/\/fegrama.cat\/web\/victoria-del-cadet-c-al-colista\/","title":{"rendered":"Vict\u00f2ria del Cadet C al colista"},"content":{"rendered":"<p>El Cadet C comen\u00e7a de la millor manera la segona volta, amb vict\u00f2ria per 4-0 al CF Alzamora.<\/p>\n<p>Primera part espessa en la qual els colomencs van aprofitar les seves ocasions per marxar al descans amb avantatge de dos gols, Marcos Fabregas i Adel Kabbani van marcar per al seu equip. Despr\u00e9s del pas per vestuaris vam veure un escenari molt diferent, amb molt m\u00e9s control del joc de la Grama aix\u00ed com tenint la paci\u00e8ncia que els va faltar en el primer temps.<\/p>\n<p>Kilian Rodr\u00edguez i Javi Justes van marcar els dos gols que van tancar el xoc.<\/p>\n<p><a href=\"http:\/\/fegrama.cat\/web\/wp-content\/uploads\/2016\/10\/cadC.jpg\"><img loading=\"lazy\" decoding=\"async\" class=\"aligncenter\" alt=\"cadC\" src=\"http:\/\/fegrama.cat\/web\/wp-content\/uploads\/2016\/10\/cadC.jpg\" width=\"672\" height=\"504\" \/><\/a><strong><\/strong><\/p>\n<div>El Cadete C empieza de la mejor manera la segunda vuelta, con victoria por 4-0 al CF Alzamora.<\/div>\n<div><\/div>\n<div>Primera parte espesa en la que los colomenses aprovecharon sus ocasiones para irse al descanso con ventaja de dos goles, Marcos Fabregas y Adel Kabbani marcaron para su equipo. Tras el paso por vestuarios vimos un escenario muy diferente, con mucho m\u00e1s control del juego de la Grama as\u00ed como teniendo la paciencia que les falt\u00f3 en el primer tiempo.<\/div>\n<div><\/div>\n<div>Kilian Rodr\u00edguez y Javi Justes marcaron los dos goles que cerraron el choque.<\/div>\n","protected":false},"excerpt":{"rendered":"<p>El Cadet C comen\u00e7a de la millor manera la segona volta, amb vict\u00f2ria per 4-0 al CF Alzamora. Primera part espessa en la qual els colomencs van aprofitar les seves ocasions per marxar al descans amb avantatge de dos gols, Marcos Fabregas i Adel Kabbani van marcar per al seu equip. Despr\u00e9s del pas per [&hellip;]<\/p>\n","protected":false},"author":1,"featured_media":17847,"comment_status":"closed","ping_status":"closed","sticky":false,"template":"","format":"standard","meta":{"footnotes":""},"categories":[4,7],"tags":[],"class_list":["post-19483","post","type-post","status-publish","format-standard","has-post-thumbnail","hentry","category-base-inclusiu","category-cadets"],"_links":{"self":[{"href":"http:\/\/fegrama.cat\/web\/wp-json\/wp\/v2\/posts\/19483","targetHints":{"allow":["GET"]}}],"collection":[{"href":"http:\/\/fegrama.cat\/web\/wp-json\/wp\/v2\/posts"}],"about":[{"href":"http:\/\/fegrama.cat\/web\/wp-json\/wp\/v2\/types\/post"}],"author":[{"embeddable":true,"href":"http:\/\/fegrama.cat\/web\/wp-json\/wp\/v2\/users\/1"}],"replies":[{"embeddable":true,"href":"http:\/\/fegrama.cat\/web\/wp-json\/wp\/v2\/comments?post=19483"}],"version-history":[{"count":1,"href":"http:\/\/fegrama.cat\/web\/wp-json\/wp\/v2\/posts\/19483\/revisions"}],"predecessor-version":[{"id":19484,"href":"http:\/\/fegrama.cat\/web\/wp-json\/wp\/v2\/posts\/19483\/revisions\/19484"}],"wp:featuredmedia":[{"embeddable":true,"href":"http:\/\/fegrama.cat\/web\/wp-json\/wp\/v2\/media\/17847"}],"wp:attachment":[{"href":"http:\/\/fegrama.cat\/web\/wp-json\/wp\/v2\/media?parent=19483"}],"wp:term":[{"taxonomy":"category","embeddable":true,"href":"http:\/\/fegrama.cat\/web\/wp-json\/wp\/v2\/categories?post=19483"},{"taxonomy":"post_tag","embeddable":true,"href":"http:\/\/fegrama.cat\/web\/wp-json\/wp\/v2\/tags?post=19483"}],"curies":[{"name":"wp","href":"https:\/\/api.w.org\/{rel}","templated":true}]}}