{"id":19467,"date":"2017-02-05T18:03:00","date_gmt":"2017-02-05T17:03:00","guid":{"rendered":"http:\/\/fegrama.cat\/web\/?p=19467"},"modified":"2017-02-05T18:03:00","modified_gmt":"2017-02-05T17:03:00","slug":"resums-de-les-escoles-4-i-5-de-febrer","status":"publish","type":"post","link":"http:\/\/fegrama.cat\/web\/resums-de-les-escoles-4-i-5-de-febrer\/","title":{"rendered":"Resums de les Escoles (4 i 5 de febrer)"},"content":{"rendered":"<p><a href=\"http:\/\/fegrama.cat\/web\/wp-content\/uploads\/2016\/11\/EA.jpg\"><img loading=\"lazy\" decoding=\"async\" class=\"aligncenter\" alt=\"EA\" src=\"http:\/\/fegrama.cat\/web\/wp-content\/uploads\/2016\/11\/EA.jpg\" width=\"640\" height=\"337\" \/><\/a><\/p>\n<p><strong>CF Singuerl\u00edn 0-3 ESCOLA A\u00a0<\/strong><\/p>\n<p>No va ser un bon partit el que va fer la Grama, en un dia on l&#8217;aire va ser protagonista. Els blaus no van estar b\u00e9 en les passades per\u00f2 el m\u00f1as important va ser que els tres punts es van anar de Can Zam a Can Peixauet.<\/p>\n<p>No fue un buen partido el que hizo la Grama, en un d\u00eda donde el aire fue protagonista. Los azules no estuvieron bien en los pases pero lo m\u00f1as importante fue que los tres puntos se fueron de Can Zam a Can Peixauet.<\/p>\n<div><a href=\"http:\/\/fegrama.cat\/web\/wp-content\/uploads\/2016\/12\/EB.jpg\"><img loading=\"lazy\" decoding=\"async\" class=\"aligncenter\" alt=\"EB\" src=\"http:\/\/fegrama.cat\/web\/wp-content\/uploads\/2016\/12\/EB.jpg\" width=\"555\" height=\"371\" \/><\/a><\/div>\n<div><\/div>\n<div><strong>CE Congr\u00e9s 5-1 ESCUELA B\u00a0<\/strong><\/div>\n<p>El segon classificat va ser superior a la Grama que no va poder donar-li un ensurt als de Barcelona.<\/p>\n<p>El segundo clasificado fue superior a la Grama que no pudo darle un susto a los de Barcelona.<\/p>\n<div><a href=\"http:\/\/fegrama.cat\/web\/wp-content\/uploads\/2016\/12\/EC.jpg\"><img loading=\"lazy\" decoding=\"async\" class=\"aligncenter\" alt=\"EC\" src=\"http:\/\/fegrama.cat\/web\/wp-content\/uploads\/2016\/12\/EC.jpg\" width=\"554\" height=\"371\" \/><\/a><strong><\/strong><\/div>\n<div><\/div>\n<div><strong>ESCOLA C 6-0 PB Trajana Sant Just C<\/strong><\/div>\n<p>La Grama s&#8217;enfrontava al l\u00edder i des de l&#8217;inici no van deixar pensar al rival. Durant tot el partit els petits van barallar cada pilota, aconseguint recuperacions en camp contrari i en les seves arribades van estar molt b\u00e9 definint.<\/p>\n<p>La Grama se enfrentaba al l\u00edder y desde el inicio no dejaron pensar al rival. Durante todo el partido los peques pelearon cada pelota, consiguiendo recuperaciones en campo contrario y en sus llegadas estuvieron muy bien definiendo.<\/p>\n","protected":false},"excerpt":{"rendered":"<p>CF Singuerl\u00edn 0-3 ESCOLA A\u00a0 No va ser un bon partit el que va fer la Grama, en un dia on l&#8217;aire va ser protagonista. Els blaus no van estar b\u00e9 en les passades per\u00f2 el m\u00f1as important va ser que els tres punts es van anar de Can Zam a Can Peixauet. No fue [&hellip;]<\/p>\n","protected":false},"author":1,"featured_media":18677,"comment_status":"closed","ping_status":"closed","sticky":false,"template":"","format":"standard","meta":{"footnotes":""},"categories":[4,33],"tags":[24,802],"class_list":["post-19467","post","type-post","status-publish","format-standard","has-post-thumbnail","hentry","category-base-inclusiu","category-escola-diari-feg","tag-fundacio-esportiva-grama","tag-municipal-les-oliveres"],"_links":{"self":[{"href":"http:\/\/fegrama.cat\/web\/wp-json\/wp\/v2\/posts\/19467","targetHints":{"allow":["GET"]}}],"collection":[{"href":"http:\/\/fegrama.cat\/web\/wp-json\/wp\/v2\/posts"}],"about":[{"href":"http:\/\/fegrama.cat\/web\/wp-json\/wp\/v2\/types\/post"}],"author":[{"embeddable":true,"href":"http:\/\/fegrama.cat\/web\/wp-json\/wp\/v2\/users\/1"}],"replies":[{"embeddable":true,"href":"http:\/\/fegrama.cat\/web\/wp-json\/wp\/v2\/comments?post=19467"}],"version-history":[{"count":2,"href":"http:\/\/fegrama.cat\/web\/wp-json\/wp\/v2\/posts\/19467\/revisions"}],"predecessor-version":[{"id":19487,"href":"http:\/\/fegrama.cat\/web\/wp-json\/wp\/v2\/posts\/19467\/revisions\/19487"}],"wp:featuredmedia":[{"embeddable":true,"href":"http:\/\/fegrama.cat\/web\/wp-json\/wp\/v2\/media\/18677"}],"wp:attachment":[{"href":"http:\/\/fegrama.cat\/web\/wp-json\/wp\/v2\/media?parent=19467"}],"wp:term":[{"taxonomy":"category","embeddable":true,"href":"http:\/\/fegrama.cat\/web\/wp-json\/wp\/v2\/categories?post=19467"},{"taxonomy":"post_tag","embeddable":true,"href":"http:\/\/fegrama.cat\/web\/wp-json\/wp\/v2\/tags?post=19467"}],"curies":[{"name":"wp","href":"https:\/\/api.w.org\/{rel}","templated":true}]}}